{"id":955,"date":"2009-02-08T15:17:22","date_gmt":"2009-02-08T13:17:22","guid":{"rendered":"http:\/\/www.pia-roeder.de\/?p=955"},"modified":"2012-11-19T13:25:35","modified_gmt":"2012-11-19T12:25:35","slug":"mein-fuckin-awesome-desktop","status":"publish","type":"post","link":"https:\/\/www.pia-roeder.de\/de\/mein-fuckin-awesome-desktop\/","title":{"rendered":"Mein &#8222;Fuckin\u2019-Awesome-Desktop&#8220;"},"content":{"rendered":"<p>Man muss sich ja auch mal an der Community beteiligen. Au\u00dferdem bin ich mittelungsbed\u00fcrftig und deshalb mach ich <a title=\"http:\/\/www.amypink.com\/2009\/02\/07\/das-grosse-show-your-fuckin-awesome-desktop-wochenende\/\" href=\"http:\/\/www.amypink.com\/2009\/02\/07\/das-grosse-show-your-fuckin-awesome-desktop-wochenende\/\" target=\"_blank\">da<\/a> mit. Mein Desktop ist zwar nicht so &#8222;fuckin&#8216; awsome&#8220; und ich bekomm auch garantiert kein &#8222;signiertes total perverses Foto&#8220; aus Berlin, aber was solls.<\/p>\n<p>And here it is:<\/p>\n<p><a href='http:\/\/www.pia-roeder.de\/?attachment_id=3781' title='Bild 1'><img loading=\"lazy\" decoding=\"async\" width=\"300\" height=\"187\" src=\"http:\/\/wp1103746.wp140.webpack.hosteurope.de\/wp-content\/uploads\/2012\/11\/Bild-11-300x187.jpg\" class=\"attachment-medium alignleft wp-image-3781\" alt=\"Bild 1\" title=\"Bild 1\" \/><\/a><\/p>\n<p>Warum so ein kitschiges Urlaubsbild mit blauem Meer und Klippen? Uhh weils sch\u00f6n ist und au\u00dferdem selbst geschossen. P\u00e4rchenurlaub auf Zypern 2005. Es sind also auch noch Erinnerungen damit verbunden. Hach ja sch\u00f6n damals&#8230; Sonne, Meer, \u00f6hm ja. Gott ich will Urlaub&#8230;<\/p>\n<p>Nun zum unangenehm langen teil &#8211; den Programme (v.l.n.r.): Der <strong>Finder<\/strong> ist da, weil er immer da ist und ich ihn auch nicht wegkriege. Aber das ist okay. Ist n\u00e4mlich praktisch, dass er ist, wo er ist. <strong>Mail<\/strong>-Programm, weil ich \u00f6fter mal Mails verschicken muss. <strong>Firefox<\/strong> ist besser als Safari. Ich habe seit gestern einen flickr-Pro-Account und finde den <strong>Uploadr<\/strong> ganz arg mega praktisch und nutze ihn seit 24 Stunden rege. <strong>Text-Editor<\/strong>, weil ich manchmal Sachen notieren muss und es mir zu lang dauert, bis Word sich \u00f6ffnet. Ich k\u00f6nnte auch einfach einen Stift und einen Zettel nehmen&#8230; aber naja. Ich kann nicht kopfrechnen und manchmal muss ich das. Deshalb der <strong>Rechner<\/strong>. <strong>Wooooord<\/strong>. Kein Semesterprojekt ohne <strong>Powerpoint<\/strong>. Und immer sch\u00f6n die Schrift von links unten schr\u00e4g auf die Folie fliegen lassen. Den<span style=\"text-decoration: line-through;\"> schei\u00df<\/span> <strong>Kalender<\/strong> nutz ich nie. Warum ist der im Dock? Keine Ahnung. Schreib meine Termine immer altmodisch mit einem Kugelschreiber in mein Moleskine. Im <strong>Adressbuch<\/strong> sind alle meine drei Freunde verzeichnet\u00a0 &#8211; also ein wichtiges Tool. Manchmal bearbeite ich ganz st\u00fcmperhaft kitschige Urlaubsbilder (siehe Desktophintergrund). Daf\u00fcr brauche ich <strong>Photoshop<\/strong>. Manchmal \u00fcberkommt mich auch die Strebsamkeit und ich meine unwichtige Semestermappen in <strong>InDesign<\/strong> h\u00fcbscher formatieren zu m\u00fcssen. Das kostet mich dann ein bis drei Tage meines Lebens. <strong>Systemeinstellungen<\/strong> deshalb da, weil ich zu faul bin immer oben links auf den Apfel zu klicken, wenn ich was suche. Spleeenig. <strong>Musik <\/strong>(Musik!!!). <strong>Zattoo<\/strong> &#8211; ohne Fernsehen gehts halt doch nicht. Daf\u00fcr schau ich aber auch immer ganz brav arte damit. Den <strong>Adium-Chat-Client<\/strong> habe ich momentan seltener an als fr\u00fcher. Zu viele Menschen, die mir auf die nerven gehen k\u00f6nnten (Konjunktiv!). Das gleiche gilt f\u00fcr <strong>Skype<\/strong>. Der<strong> Colour-Picker<\/strong> und der <strong>Free Ruler <\/strong>daneben sind das wohl absolut Praktischste, was an Software f\u00fcr den Mac gemacht wurde. Schwupps hat man einen entsprechenden Farbcode von waswei\u00dfichwoher gepickt oder schnell mal gemessen wie lang oder breit irgendwas is. Pr\u00e4dikat: sehr wertvoll. Ach ja und ich formatiere gerade eine externe Festplatte, deshalb das <strong>Festplatten-Dienstprogramm<\/strong>. Das ist aber bald wieder aus dem Dock verschwunden. Ansonsten: Browserfenster, Festplatten-Dienstrogramm-Fenster, Papierkorb (verh\u00e4lt sich \u00e4hnlich wie mit dem Finder).<\/p>\n<p>So&#8230; alle Offensichtlichkeiten und Selbstverst\u00e4ndlichkeiten habe ich damit glaub ich genannt.<\/p>\n<p>Joa und die Ordner:<br \/>\nDiplomarbeit = wichtiges Zeug<br \/>\nZeusch = weniger wichtiges Zeug<\/p>\n<p>Fiu. Ich muss was trinken.<\/p>\n","protected":false},"excerpt":{"rendered":"<p>Man muss sich ja auch mal an der Community beteiligen. Au\u00dferdem bin ich mittelungsbed\u00fcrftig und deshalb mach ich da mit. Mein Desktop ist zwar nicht so &#8222;fuckin&#8216; awsome&#8220; und ich bekomm auch garantiert kein &#8222;signiertes total perverses Foto&#8220; aus Berlin, aber was solls. And here it is: Warum so ein kitschiges Urlaubsbild mit blauem Meer und Klippen? Uhh weils sch\u00f6n ist und au\u00dferdem selbst geschossen. P\u00e4rchenurlaub auf Zypern 2005. Es sind also auch noch Erinnerungen damit verbunden. Hach ja sch\u00f6n&hellip;<\/p>\n","protected":false},"author":3,"featured_media":0,"comment_status":"open","ping_status":"open","sticky":false,"template":"","format":"standard","meta":{"footnotes":""},"categories":[1],"tags":[1023,1919,1128,1129],"class_list":["post-955","post","type-post","status-publish","format-standard","hentry","category-unter-ferner-liefen","tag-desktop","tag-journalismus","tag-mac","tag-zypern"],"_links":{"self":[{"href":"https:\/\/www.pia-roeder.de\/de\/wp-json\/wp\/v2\/posts\/955","targetHints":{"allow":["GET"]}}],"collection":[{"href":"https:\/\/www.pia-roeder.de\/de\/wp-json\/wp\/v2\/posts"}],"about":[{"href":"https:\/\/www.pia-roeder.de\/de\/wp-json\/wp\/v2\/types\/post"}],"author":[{"embeddable":true,"href":"https:\/\/www.pia-roeder.de\/de\/wp-json\/wp\/v2\/users\/3"}],"replies":[{"embeddable":true,"href":"https:\/\/www.pia-roeder.de\/de\/wp-json\/wp\/v2\/comments?post=955"}],"version-history":[{"count":15,"href":"https:\/\/www.pia-roeder.de\/de\/wp-json\/wp\/v2\/posts\/955\/revisions"}],"predecessor-version":[{"id":3782,"href":"https:\/\/www.pia-roeder.de\/de\/wp-json\/wp\/v2\/posts\/955\/revisions\/3782"}],"wp:attachment":[{"href":"https:\/\/www.pia-roeder.de\/de\/wp-json\/wp\/v2\/media?parent=955"}],"wp:term":[{"taxonomy":"category","embeddable":true,"href":"https:\/\/www.pia-roeder.de\/de\/wp-json\/wp\/v2\/categories?post=955"},{"taxonomy":"post_tag","embeddable":true,"href":"https:\/\/www.pia-roeder.de\/de\/wp-json\/wp\/v2\/tags?post=955"}],"curies":[{"name":"wp","href":"https:\/\/api.w.org\/{rel}","templated":true}]}}