{"id":862,"date":"2008-12-17T14:48:33","date_gmt":"2008-12-17T12:48:33","guid":{"rendered":"http:\/\/www.pia-roeder.de\/?p=862"},"modified":"2008-12-17T17:24:05","modified_gmt":"2008-12-17T15:24:05","slug":"aufruf-sucht-die-trampatrouille","status":"publish","type":"post","link":"https:\/\/www.pia-roeder.de\/de\/aufruf-sucht-die-trampatrouille\/","title":{"rendered":"Aufruf: Sucht die Trampatrouille!"},"content":{"rendered":"<p>Langsam glaube ich wirklich, dass ich das nur getr\u00e4umt habe. Es gab doch mal irgendann in den 90ern eine Zeichentrickserie auf RTL2 (kann auch ein anderer Sender gewesen sein), in der es um eine Traumpatrouille ging. Da war eine Raumstation wo Schafe die ganze Zeit gute Tr\u00e4ume f\u00fcr die Kinder gestrickt haben. Es gab zwei B\u00f6sewichte mit spitzen Gesichtern, die die geklaut bzw. kaputt gemacht haben und dann hatten die Kinder Albtr\u00e4ume.<\/p>\n<p>Erinnert sich da irgendjemand dran? Oh Gott bitte. Ich \u00fcberleg seit mittlerweile vier Jahren und langsam glaub ich, ich bin \u00fcbergeschnappt. Wenn man bei Google nach &#8222;Trumpatrouille&#8220; oder &#8222;Schaf, Tr\u00e4ume, Serie&#8220; sucht, kommt entweder &#8222;Meinte Sie Raumpatrouille?&#8220; oder eine Produktvorschlag zu Schaf-Bettw\u00e4sche. Alle, die ich bisher gefragt habe, ob sie die Serie auch kennen, haben nur entgeistert den Kopf gesch\u00fcttelt und sind wortlos gegangen.<\/p>\n<p>Es w\u00fcrden mir wesentlich mehr Gehirnzellen erhalten bleiben, wenn ich dar\u00fcber nicht mehr nachdenken m\u00fcsste! Also bitte ich dringend um Hilfe, bei dieser brisanten Suche!<\/p>\n<p>Oh, und an den Titel eines Films kann ich mich auch nicht mehr erinnern. War so ein Esotherik-Indien-Backpacker-Doku-R\u00e4ucherst\u00e4bchen-Schei\u00df, der letztes Jahr um diese Zeit im Kino lief. Den hab ich wirklich gesehen, das wei\u00df ich. War n\u00e4mlich bisher der einzige Film, bei dem ich nach einer Stunde aus Abscheu den Saal verlassen habe. (Man bedenke, dass ich &#8222;28 Days Later&#8220; ganz gesehen habe! Mit Popcorn!) Aber kann mich trotzdem ums Verrecken nicht mehr an den Titel erinnern. Auch mit dieser Info w\u00e4re mir sehr geholfen.<\/p>\n<p><strong>Nachtrag drei Stunden nach Schaltung des Aufrufs: <\/strong><br \/>\nR\u00e4tsel 1 ist gel\u00f6st! &#8222;Captain Zed und die Traumpatrouille&#8220; hei\u00dft die Serie. Sie wurde 1991 bis 1992 produziert und in Deutschland auf RTL2 ausgestrahlt. Merci vielmals f\u00fcr die Hilfe und Rettung meiner Gehirnzellen an <a title=\"Danyolicious\" href=\"http:\/\/danyo-is-an-oj.blogspot.com\/\" target=\"_blank\">Danyo<\/a> (auf OJs is halt immer Verlass).<\/p>\n<p><object classid=\"clsid:d27cdb6e-ae6d-11cf-96b8-444553540000\" width=\"425\" height=\"344\" codebase=\"http:\/\/download.macromedia.com\/pub\/shockwave\/cabs\/flash\/swflash.cab#version=6,0,40,0\"><param name=\"allowFullScreen\" value=\"true\" \/><param name=\"allowscriptaccess\" value=\"always\" \/><param name=\"src\" value=\"http:\/\/www.youtube.com\/v\/yH7ULRtRWWs&amp;hl=de&amp;fs=1\" \/><embed type=\"application\/x-shockwave-flash\" width=\"425\" height=\"344\" src=\"http:\/\/www.youtube.com\/v\/yH7ULRtRWWs&amp;hl=de&amp;fs=1\" allowscriptaccess=\"always\" allowfullscreen=\"true\"><\/embed><\/object><\/p>\n<p>Nur stricken die Schafe gar nicht. Dann hab ich das wohl nur getr\u00e4umt.<\/p>\n","protected":false},"excerpt":{"rendered":"<p>Langsam glaube ich wirklich, dass ich das nur getr\u00e4umt habe. Es gab doch mal irgendann in den 90ern eine Zeichentrickserie auf RTL2 (kann auch ein anderer Sender gewesen sein), in der es um eine Traumpatrouille ging. Da war eine Raumstation wo Schafe die ganze Zeit gute Tr\u00e4ume f\u00fcr die Kinder gestrickt haben. Es gab zwei B\u00f6sewichte mit spitzen Gesichtern, die die geklaut bzw. kaputt gemacht haben und dann hatten die Kinder Albtr\u00e4ume. Erinnert sich da irgendjemand dran? Oh Gott bitte.&hellip;<\/p>\n","protected":false},"author":3,"featured_media":0,"comment_status":"open","ping_status":"open","sticky":false,"template":"","format":"standard","meta":{"footnotes":""},"categories":[1],"tags":[144,1074,274,1073,779,1072],"class_list":["post-862","post","type-post","status-publish","format-standard","hentry","category-unter-ferner-liefen","tag-film","tag-indien","tag-medien","tag-schafe","tag-serie","tag-traume"],"_links":{"self":[{"href":"https:\/\/www.pia-roeder.de\/de\/wp-json\/wp\/v2\/posts\/862","targetHints":{"allow":["GET"]}}],"collection":[{"href":"https:\/\/www.pia-roeder.de\/de\/wp-json\/wp\/v2\/posts"}],"about":[{"href":"https:\/\/www.pia-roeder.de\/de\/wp-json\/wp\/v2\/types\/post"}],"author":[{"embeddable":true,"href":"https:\/\/www.pia-roeder.de\/de\/wp-json\/wp\/v2\/users\/3"}],"replies":[{"embeddable":true,"href":"https:\/\/www.pia-roeder.de\/de\/wp-json\/wp\/v2\/comments?post=862"}],"version-history":[{"count":0,"href":"https:\/\/www.pia-roeder.de\/de\/wp-json\/wp\/v2\/posts\/862\/revisions"}],"wp:attachment":[{"href":"https:\/\/www.pia-roeder.de\/de\/wp-json\/wp\/v2\/media?parent=862"}],"wp:term":[{"taxonomy":"category","embeddable":true,"href":"https:\/\/www.pia-roeder.de\/de\/wp-json\/wp\/v2\/categories?post=862"},{"taxonomy":"post_tag","embeddable":true,"href":"https:\/\/www.pia-roeder.de\/de\/wp-json\/wp\/v2\/tags?post=862"}],"curies":[{"name":"wp","href":"https:\/\/api.w.org\/{rel}","templated":true}]}}