{"id":809,"date":"2008-10-04T12:58:04","date_gmt":"2008-10-04T10:58:04","guid":{"rendered":"http:\/\/www.pia-roeder.de\/?p=809"},"modified":"2008-10-04T13:02:24","modified_gmt":"2008-10-04T11:02:24","slug":"der-meinhof-komplex","status":"publish","type":"post","link":"https:\/\/www.pia-roeder.de\/de\/der-meinhof-komplex\/","title":{"rendered":"Der Meinhof-Komplex"},"content":{"rendered":"<p>Ich gehe wirklich viel zu selten ins Kino. Oft aus Zeit-, aber meistens aus Geldmangel. Pflichtbesuch wird in den kommenden Tagen nat\u00fcrlich Der <a title=\"Baader Meinhof Komplex\" href=\"http:\/\/www.bmk.film.de\/\" target=\"_blank\">&#8222;Der Baader Meinhof Komplex&#8220;<\/a>.<\/p>\n<p>Die Geschichte d\u00fcrfte wenig \u00dcberraschungen liefern, wenn man da Buch kennt, im Geschichtsunterricht der zehnten Klasse zwischendurch mal nicht geschlafen hat und ab und an mal von Popstars auf Pro7 zu geb\u00fchrenfinanzierten Programmen gezappt hat. Die mit Mehrwert und so.<\/p>\n<p>Mein Grund, mir den Film anzuschauen ist (neben Moritz Bleibtreu) die SMS eines Freundes, die da lautet: &#8222;Hey. War gestern in Baader-Meinhof. Und bei der Ulrike Meinhof musste ich die ganze Zeit an dich denken!&#8220;<br \/>\nEr hat klugerweise zwei Stunden sp\u00e4ter noch hinterhergeschoben, dass er das im positiven Sinne gemeint habe, &#8222;also als Kompliment&#8220;.<\/p>\n<p>Gl\u00fcck gehabt. Die <a title=\"Ulrike Meinhof\" href=\" http:\/\/www.welt.de\/multimedia\/archive\/00374\/Meinhof_DW_Berlin_B_374537g.jpg\" target=\"_blank\">Original-Meinhof<\/a> sah ja eher duchschnittlich aus. Wohingegen <a title=\"Martine Gedeck\" href=\"http:\/\/img.stern.de\/_content\/58\/24\/582425\/gedeck_500.jpg\" target=\"_blank\">Martina Gedeck<\/a> eine richtig h\u00fcbsche Frau ist. Also, wenn ich ein Mann Mitte 40 w\u00e4re&#8230; woohooo. Finde aber trotzdem, dass sich die \u00c4hnlichkeit zu <a href=\"http:\/\/farm4.static.flickr.com\/3096\/2810004087_cfbd59e166.jpg\" target=\"_blank\">mir<\/a> in Grenzen h\u00e4lt. Naja abwarten, was in zwanzig Jahren ist.<\/p>\n<p>Kritik zum Film gibts h\u00f6chstwahrscheinlich nicht. W\u00fcrde auch nichts anderes schreiben, als die hundert anderen Journalisten, die sich bisher daran versucht haben.<\/p>\n","protected":false},"excerpt":{"rendered":"<p>Ich gehe wirklich viel zu selten ins Kino. Oft aus Zeit-, aber meistens aus Geldmangel. Pflichtbesuch wird in den kommenden Tagen nat\u00fcrlich Der &#8222;Der Baader Meinhof Komplex&#8220;. Die Geschichte d\u00fcrfte wenig \u00dcberraschungen liefern, wenn man da Buch kennt, im Geschichtsunterricht der zehnten Klasse zwischendurch mal nicht geschlafen hat und ab und an mal von Popstars auf Pro7 zu geb\u00fchrenfinanzierten Programmen gezappt hat. Die mit Mehrwert und so. Mein Grund, mir den Film anzuschauen ist (neben Moritz Bleibtreu) die SMS eines&hellip;<\/p>\n","protected":false},"author":3,"featured_media":0,"comment_status":"open","ping_status":"open","sticky":false,"template":"","format":"standard","meta":{"footnotes":""},"categories":[1],"tags":[963,967,966,965,964],"class_list":["post-809","post","type-post","status-publish","format-standard","hentry","category-unter-ferner-liefen","tag-baader","tag-bleibtreu","tag-gedeck","tag-komplex","tag-meinhof"],"_links":{"self":[{"href":"https:\/\/www.pia-roeder.de\/de\/wp-json\/wp\/v2\/posts\/809","targetHints":{"allow":["GET"]}}],"collection":[{"href":"https:\/\/www.pia-roeder.de\/de\/wp-json\/wp\/v2\/posts"}],"about":[{"href":"https:\/\/www.pia-roeder.de\/de\/wp-json\/wp\/v2\/types\/post"}],"author":[{"embeddable":true,"href":"https:\/\/www.pia-roeder.de\/de\/wp-json\/wp\/v2\/users\/3"}],"replies":[{"embeddable":true,"href":"https:\/\/www.pia-roeder.de\/de\/wp-json\/wp\/v2\/comments?post=809"}],"version-history":[{"count":0,"href":"https:\/\/www.pia-roeder.de\/de\/wp-json\/wp\/v2\/posts\/809\/revisions"}],"wp:attachment":[{"href":"https:\/\/www.pia-roeder.de\/de\/wp-json\/wp\/v2\/media?parent=809"}],"wp:term":[{"taxonomy":"category","embeddable":true,"href":"https:\/\/www.pia-roeder.de\/de\/wp-json\/wp\/v2\/categories?post=809"},{"taxonomy":"post_tag","embeddable":true,"href":"https:\/\/www.pia-roeder.de\/de\/wp-json\/wp\/v2\/tags?post=809"}],"curies":[{"name":"wp","href":"https:\/\/api.w.org\/{rel}","templated":true}]}}