{"id":755,"date":"2008-08-01T14:26:04","date_gmt":"2008-08-01T12:26:04","guid":{"rendered":"http:\/\/www.pia-roeder.de\/?p=755"},"modified":"2008-08-01T15:36:21","modified_gmt":"2008-08-01T13:36:21","slug":"trauma-um-20-vor-9","status":"publish","type":"post","link":"https:\/\/www.pia-roeder.de\/de\/trauma-um-20-vor-9\/","title":{"rendered":"Trauma um 20 vor 9"},"content":{"rendered":"<p>Morgenkonferenzen sollten immer erst dann stattfinden, wenn alle Beteiligten wach und bei klarem Verstand sind &#8211; also nicht um zwanzig vor neun.<\/p>\n<p>Es kann n\u00e4mlich passieren, dass man nur mit halben Ohr zuh\u00f6rt und ein unbedachtes &#8222;das kann ich ja dann machen&#8220; von sich gibt. Und pl\u00f6tzlich findet man sich in einem Thema wieder, von dem man zwar Grundwissen, aber prinzipiell gar keine Ahnung hat.<\/p>\n<p>Um die Sache richtig zu stellen und auf das anspruchloserer Thema (das man eigentlich gemeint hatte)\u00a0umzuschwenken, ist es dann zu sp\u00e4t. Erste Version bitte bis halb elf\u00a0. *schluck*<\/p>\n<p>N\u00e4chstes Mal vielleicht Kaffee vor Arbeitsbeginn.<\/p>\n","protected":false},"excerpt":{"rendered":"<p>Morgenkonferenzen sollten immer erst dann stattfinden, wenn alle Beteiligten wach und bei klarem Verstand sind &#8211; also nicht um zwanzig vor neun. Es kann n\u00e4mlich passieren, dass man nur mit halben Ohr zuh\u00f6rt und ein unbedachtes &#8222;das kann ich ja dann machen&#8220; von sich gibt. Und pl\u00f6tzlich findet man sich in einem Thema wieder, von dem man zwar Grundwissen, aber prinzipiell gar keine Ahnung hat. Um die Sache richtig zu stellen und auf das anspruchloserer Thema (das man eigentlich gemeint&hellip;<\/p>\n","protected":false},"author":3,"featured_media":0,"comment_status":"open","ping_status":"open","sticky":false,"template":"","format":"standard","meta":{"footnotes":""},"categories":[1],"tags":[1919,825,826],"class_list":["post-755","post","type-post","status-publish","format-standard","hentry","category-unter-ferner-liefen","tag-journalismus","tag-morgenkonferenz","tag-thema"],"_links":{"self":[{"href":"https:\/\/www.pia-roeder.de\/de\/wp-json\/wp\/v2\/posts\/755","targetHints":{"allow":["GET"]}}],"collection":[{"href":"https:\/\/www.pia-roeder.de\/de\/wp-json\/wp\/v2\/posts"}],"about":[{"href":"https:\/\/www.pia-roeder.de\/de\/wp-json\/wp\/v2\/types\/post"}],"author":[{"embeddable":true,"href":"https:\/\/www.pia-roeder.de\/de\/wp-json\/wp\/v2\/users\/3"}],"replies":[{"embeddable":true,"href":"https:\/\/www.pia-roeder.de\/de\/wp-json\/wp\/v2\/comments?post=755"}],"version-history":[{"count":0,"href":"https:\/\/www.pia-roeder.de\/de\/wp-json\/wp\/v2\/posts\/755\/revisions"}],"wp:attachment":[{"href":"https:\/\/www.pia-roeder.de\/de\/wp-json\/wp\/v2\/media?parent=755"}],"wp:term":[{"taxonomy":"category","embeddable":true,"href":"https:\/\/www.pia-roeder.de\/de\/wp-json\/wp\/v2\/categories?post=755"},{"taxonomy":"post_tag","embeddable":true,"href":"https:\/\/www.pia-roeder.de\/de\/wp-json\/wp\/v2\/tags?post=755"}],"curies":[{"name":"wp","href":"https:\/\/api.w.org\/{rel}","templated":true}]}}