{"id":661,"date":"2008-05-31T10:04:23","date_gmt":"2008-05-31T08:04:23","guid":{"rendered":"http:\/\/wp1103746.wp140.webpack.hosteurope.de\/?p=661"},"modified":"2008-05-31T17:31:20","modified_gmt":"2008-05-31T15:31:20","slug":"kreative-pause","status":"publish","type":"post","link":"https:\/\/www.pia-roeder.de\/de\/kreative-pause\/","title":{"rendered":"Kreative Pause"},"content":{"rendered":"<p>Aus wikipedia. Wer brauch schon seri\u00f6se Quellen.<\/p>\n<blockquote><p>Als kreative Pause bezeichnet man eine Pause unterschiedlicher L\u00e4nge im kreativen Schaffensprozess von K\u00fcnstlern, Wissenschaftlern und Geisteswissenschaftlern <strong>(und von\u00a0<span style=\"text-decoration: line-through;\">nicht mehr ganz so \u00fcberzeugten<\/span> M\u00f6chtegern-Journalisten)<\/strong>. Dabei ist die Pause selbst nicht von kreativen T\u00e4tigkeiten gekennzeichnet (<strong>tagelang an die Wand starren und den Kopf an selbige schlagen)<\/strong>. Sie soll eher der Erholung des Geistes und der Wiederherstellung der Schaffenskraft dienen.\u00a0<\/p>\n<p>Die kreative Pause hat ihren unverzichtbaren Platz im Rahmen des kreativen Schaffensprozesses in der sogenannten intuitiven Phase, wenn nach einer anstrengenden Ideenfindungsphase <strong>(zu einem Thema, von dem man auch nach intensiver Recherche nicht mal ansatzweise einen Schimmer hat)<\/strong> Entspannung erforderlich ist. Dann soll den gefundenen Ideen w\u00e4hrend der Inkubationsphase in einem unbewussten Verarbeitungsvorgang Gelegenheit zur Neukombination gegeben <strong>(unsinniges Gekritzel von noch unsinnigeren Gliederungen)<\/strong> und dem erwarteten Ausbruch von Geistesblitzen <strong>(die in absehbarer Zukunft nicht eintreten werden)<\/strong> der Boden bereitet werden.<\/p>\n<p>W\u00e4hrend solcher Pausen besch\u00e4ftigt sich der Kreative mit themenfremden Gegenst\u00e4nden <strong>(Rasenm\u00e4her)<\/strong>, w\u00e4hlt einfache, manuelle T\u00e4tigkeiten zur Ablenkung <strong>(wie besessen Geschirr sp\u00fclen, das gerade aus der Sp\u00fclmaschine kommt)<\/strong> macht Spazierg\u00e4nge oder nimmt sich Arbeiten vor, die zu ihrer Fertigstellung routinierte Fertigkeiten ben\u00f6tigen. <strong>(W\u00e4sche waschen und aufh\u00e4ngen, klammern, n\u00e4chstes St\u00fcck auf die Leine und wieder klammern&#8230;)\u00a0<\/strong><\/p>\n<p>Irgendwann endet die kreative Pause mit dem kreativen Ausbruch, die Produktivit\u00e4t nimmt zu, neue Ideen entstehen, die Nachtruhe wird verk\u00fcrzt <strong>(auch weil Katzen dazu neigen, jeden Morgen um halb f\u00fcnf Hunger zu haben)\u00a0<\/strong>oder durch Einf\u00e4lle unterbrochen, die sofort skizziert werden m\u00fcssen. <strong>(Laptop-Orgien nachts um drei zwischen Tiefschlaf- und REM-Phase)<\/strong><\/p>\n<p>Eine kreative Pause kann von unterschiedlicher Dauer sein. Manche Personen ben\u00f6tigen lediglich Stunden, um an den Schreibtisch zur\u00fcckzukehren, bei anderen dauert es Tage und Wochen, gar Monate <strong>(Jahre?!)<\/strong>, bis der Geist wieder in der Lage ist, neue Ideen zu produzieren. <strong>(Wollen wir mal hoffen, das passiert bis&#8230; sagen wie mal&#8230; sp\u00e4testens Mittwochabend um acht)<\/strong><\/p><\/blockquote>\n","protected":false},"excerpt":{"rendered":"<p>Aus wikipedia. Wer brauch schon seri\u00f6se Quellen. Als kreative Pause bezeichnet man eine Pause unterschiedlicher L\u00e4nge im kreativen Schaffensprozess von K\u00fcnstlern, Wissenschaftlern und Geisteswissenschaftlern (und von\u00a0nicht mehr ganz so \u00fcberzeugten M\u00f6chtegern-Journalisten). Dabei ist die Pause selbst nicht von kreativen T\u00e4tigkeiten gekennzeichnet (tagelang an die Wand starren und den Kopf an selbige schlagen). Sie soll eher der Erholung des Geistes und der Wiederherstellung der Schaffenskraft dienen.\u00a0 Die kreative Pause hat ihren unverzichtbaren Platz im Rahmen des kreativen Schaffensprozesses in der sogenannten&hellip;<\/p>\n","protected":false},"author":3,"featured_media":0,"comment_status":"open","ping_status":"open","sticky":false,"template":"","format":"standard","meta":{"footnotes":""},"categories":[1],"tags":[649,644,1919,362],"class_list":["post-661","post","type-post","status-publish","format-standard","hentry","category-unter-ferner-liefen","tag-blockade","tag-frust","tag-journalismus","tag-schreiben"],"_links":{"self":[{"href":"https:\/\/www.pia-roeder.de\/de\/wp-json\/wp\/v2\/posts\/661","targetHints":{"allow":["GET"]}}],"collection":[{"href":"https:\/\/www.pia-roeder.de\/de\/wp-json\/wp\/v2\/posts"}],"about":[{"href":"https:\/\/www.pia-roeder.de\/de\/wp-json\/wp\/v2\/types\/post"}],"author":[{"embeddable":true,"href":"https:\/\/www.pia-roeder.de\/de\/wp-json\/wp\/v2\/users\/3"}],"replies":[{"embeddable":true,"href":"https:\/\/www.pia-roeder.de\/de\/wp-json\/wp\/v2\/comments?post=661"}],"version-history":[{"count":0,"href":"https:\/\/www.pia-roeder.de\/de\/wp-json\/wp\/v2\/posts\/661\/revisions"}],"wp:attachment":[{"href":"https:\/\/www.pia-roeder.de\/de\/wp-json\/wp\/v2\/media?parent=661"}],"wp:term":[{"taxonomy":"category","embeddable":true,"href":"https:\/\/www.pia-roeder.de\/de\/wp-json\/wp\/v2\/categories?post=661"},{"taxonomy":"post_tag","embeddable":true,"href":"https:\/\/www.pia-roeder.de\/de\/wp-json\/wp\/v2\/tags?post=661"}],"curies":[{"name":"wp","href":"https:\/\/api.w.org\/{rel}","templated":true}]}}