{"id":506,"date":"2008-02-19T18:20:29","date_gmt":"2008-02-19T17:20:29","guid":{"rendered":"http:\/\/diegosch.wordpress.com\/?p=36"},"modified":"2008-02-19T18:20:29","modified_gmt":"2008-02-19T17:20:29","slug":"bullshitesk","status":"publish","type":"post","link":"https:\/\/www.pia-roeder.de\/de\/bullshitesk\/","title":{"rendered":"bullshitesk"},"content":{"rendered":"<p>Wird mal Zeit f\u00fcr eine Silkritik an der Journaille.Ich beobachte n\u00e4mlich seit l\u00e4ngerem ein Sprach-Ph\u00e4nomen bei den Kollegen, die mit ihrem Geschreibe <strike>noch<\/strike> mehr verdienen als ich, das mir nicht behagt.Begonnen hat es im ersten Semester im November 2005. Mein Professor hat damals 1,5 Stunden vor sich hin referiert w\u00e4hrend ich v\u00f6llig sinnentleert aus dem Fenster schaute. Das Thema ist mir mittlerweile entfallen. Irgendwann hat er aber das Wort &#8222;kafkaesk&#8220; benutzt. Mehrmals. An dem Wort selbst ist nichts Schlimmes. Macht ja irgendwo noch Sinn, wenn man Journalist ist, synonyms\u00fcchtig und etwas blumig das Unheimliche und Bedrohliche umschreiben will. Was ich nicht leiden kann, ist dass das Suffix &#8222;-esk&#8220;, das mittlerweile zu den unglaublichsten Worten gestellt wird, um dem Satz einen Touch Intellektualit\u00e4t zu verleihen.In der Wochenend-Beilage der SZ hat sich eine Lifestyle-Redakteurin \u00fcber Parfums von Prominenten ereifert und so ziemlich jedes durch den Dreck gezogen. Auch das von Iris Berben. Also mir ist wirklich egal, wie das Au de Toilette von Iris Berben riecht. Der Autorin nicht und sie fand es scheinbar so schlimm, dass sie das Wort &#8222;omaesk&#8220; benutzt hat. Da das in keinem Duden steht, muss ich mein letztes bisschen Deutsch-LK-Journalisten-Muttersprachler-Verstand zusammenkratzen und kombinieren, dass das Parfum wohl staubig, nicht sehr zeitgem\u00e4\u00df und nach Mottenkugeln riecht. Was ist denn bitte vekehrt daran, einfach zu schreiben, dass es riecht wie der Staub aus den 50ern? Dass es stinkt wie der Unterrock von Tante K\u00e4the, oder einfach altmodisch m\u00fcffelt?Aaaaach, mich nervts einfach. Pittoresk, clownesk.. bla. Man, wer glaubt ihr denn wer ihr seid. Feuilletonisten-Gesindel! Ich werd mal nicht so!<\/p>\n","protected":false},"excerpt":{"rendered":"<p>Wird mal Zeit f\u00fcr eine Silkritik an der Journaille.Ich beobachte n\u00e4mlich seit l\u00e4ngerem ein Sprach-Ph\u00e4nomen bei den Kollegen, die mit ihrem Geschreibe noch mehr verdienen als ich, das mir nicht behagt.Begonnen hat es im ersten Semester im November 2005. Mein Professor hat damals 1,5 Stunden vor sich hin referiert w\u00e4hrend ich v\u00f6llig sinnentleert aus dem Fenster schaute. Das Thema ist mir mittlerweile entfallen. Irgendwann hat er aber das Wort &#8222;kafkaesk&#8220; benutzt. Mehrmals. An dem Wort selbst ist nichts Schlimmes. Macht&hellip;<\/p>\n","protected":false},"author":3,"featured_media":0,"comment_status":"open","ping_status":"open","sticky":false,"template":"","format":"standard","meta":{"footnotes":""},"categories":[1],"tags":[75,1919,207,306,388,389],"class_list":["post-506","post","type-post","status-publish","format-standard","hentry","category-unter-ferner-liefen","tag-bullshit","tag-journalismus","tag-kafkaesk","tag-omaesk","tag-sprache","tag-stil"],"_links":{"self":[{"href":"https:\/\/www.pia-roeder.de\/de\/wp-json\/wp\/v2\/posts\/506","targetHints":{"allow":["GET"]}}],"collection":[{"href":"https:\/\/www.pia-roeder.de\/de\/wp-json\/wp\/v2\/posts"}],"about":[{"href":"https:\/\/www.pia-roeder.de\/de\/wp-json\/wp\/v2\/types\/post"}],"author":[{"embeddable":true,"href":"https:\/\/www.pia-roeder.de\/de\/wp-json\/wp\/v2\/users\/3"}],"replies":[{"embeddable":true,"href":"https:\/\/www.pia-roeder.de\/de\/wp-json\/wp\/v2\/comments?post=506"}],"version-history":[{"count":0,"href":"https:\/\/www.pia-roeder.de\/de\/wp-json\/wp\/v2\/posts\/506\/revisions"}],"wp:attachment":[{"href":"https:\/\/www.pia-roeder.de\/de\/wp-json\/wp\/v2\/media?parent=506"}],"wp:term":[{"taxonomy":"category","embeddable":true,"href":"https:\/\/www.pia-roeder.de\/de\/wp-json\/wp\/v2\/categories?post=506"},{"taxonomy":"post_tag","embeddable":true,"href":"https:\/\/www.pia-roeder.de\/de\/wp-json\/wp\/v2\/tags?post=506"}],"curies":[{"name":"wp","href":"https:\/\/api.w.org\/{rel}","templated":true}]}}