{"id":489,"date":"2008-01-26T17:19:16","date_gmt":"2008-01-26T16:19:16","guid":{"rendered":"http:\/\/diegosch.wordpress.com\/?p=55"},"modified":"2008-01-26T17:19:16","modified_gmt":"2008-01-26T16:19:16","slug":"schon-wieder-o_o","status":"publish","type":"post","link":"https:\/\/www.pia-roeder.de\/de\/schon-wieder-o_o\/","title":{"rendered":"Schon wieder&#8230; o_O"},"content":{"rendered":"<p>Wie auch schon <a href=\"http:\/\/diegosch.twoday.net\/stories\/3331167\/\" target=\"blank\">im vergangenen Jahr<\/a> ist es mal wieder an der Zeit f\u00fcr die obligatorische Abneigungsbekundung bez\u00fcglich Karnevalfestivit\u00e4ten jeglicher Art:<b>ICH MAG ES NICHT!!!<\/b> Nein, Verzeihung. <b>ICH HASSE ES!!<\/b>Jedes Jahr besuche ich perfekt verkleidet als miesgelaunter, \u00fcberm\u00fcdeter Querulant das traugie Tal der schlechten Reime und albernen Kost\u00fcme. Das Fegefeuer der Peinlichkeiten, in dem M\u00e4nner in Schweinekost\u00fcmen Polka tanzen und alte Frauen in Putzfrauenkluft und mit Transvestiten-Make-Up im breitesten Dialekt Witze \u00fcber ihr trauriges Leben rei\u00dfen. Genau so stelle ich mir den Himmel vor. \u00dcbetreieben gut gelaunte Menschen soweit das Auge reicht und 11 total besoffene M\u00e4nner (Apostel?! Also ohne Judas&#8230; der macht sowas nicht  mit), die debil grinsend dem Wahnsinn keinerlei Einhalt gebieten, ihn sogar noch vorantreiben. Wie gut, dass ich da nie hin muss.Und ja, die Frage ist durchaus berechtigt, warum ich mir das antue, wenn ich Fasching doch garnicht leiden kann.Nun ich bin masochistisch veranlagt und versp\u00fcre die reinste Wonne, stundenlang mit Luftschlangen umgarnt zu werden und dabei meinen Kopf rhythmisch zum Takt des Entenmarsches auf die Bierzeltgarnitur zu schlagen.Man nennt es arbeiten&#8230;<\/p>\n","protected":false},"excerpt":{"rendered":"<p>Wie auch schon im vergangenen Jahr ist es mal wieder an der Zeit f\u00fcr die obligatorische Abneigungsbekundung bez\u00fcglich Karnevalfestivit\u00e4ten jeglicher Art:ICH MAG ES NICHT!!! Nein, Verzeihung. ICH HASSE ES!!Jedes Jahr besuche ich perfekt verkleidet als miesgelaunter, \u00fcberm\u00fcdeter Querulant das traugie Tal der schlechten Reime und albernen Kost\u00fcme. Das Fegefeuer der Peinlichkeiten, in dem M\u00e4nner in Schweinekost\u00fcmen Polka tanzen und alte Frauen in Putzfrauenkluft und mit Transvestiten-Make-Up im breitesten Dialekt Witze \u00fcber ihr trauriges Leben rei\u00dfen. Genau so stelle ich mir&hellip;<\/p>\n","protected":false},"author":3,"featured_media":0,"comment_status":"open","ping_status":"open","sticky":false,"template":"","format":"standard","meta":{"footnotes":""},"categories":[1],"tags":[1919,210,278],"class_list":["post-489","post","type-post","status-publish","format-standard","hentry","category-unter-ferner-liefen","tag-journalismus","tag-karneval","tag-miese-laune"],"_links":{"self":[{"href":"https:\/\/www.pia-roeder.de\/de\/wp-json\/wp\/v2\/posts\/489","targetHints":{"allow":["GET"]}}],"collection":[{"href":"https:\/\/www.pia-roeder.de\/de\/wp-json\/wp\/v2\/posts"}],"about":[{"href":"https:\/\/www.pia-roeder.de\/de\/wp-json\/wp\/v2\/types\/post"}],"author":[{"embeddable":true,"href":"https:\/\/www.pia-roeder.de\/de\/wp-json\/wp\/v2\/users\/3"}],"replies":[{"embeddable":true,"href":"https:\/\/www.pia-roeder.de\/de\/wp-json\/wp\/v2\/comments?post=489"}],"version-history":[{"count":0,"href":"https:\/\/www.pia-roeder.de\/de\/wp-json\/wp\/v2\/posts\/489\/revisions"}],"wp:attachment":[{"href":"https:\/\/www.pia-roeder.de\/de\/wp-json\/wp\/v2\/media?parent=489"}],"wp:term":[{"taxonomy":"category","embeddable":true,"href":"https:\/\/www.pia-roeder.de\/de\/wp-json\/wp\/v2\/categories?post=489"},{"taxonomy":"post_tag","embeddable":true,"href":"https:\/\/www.pia-roeder.de\/de\/wp-json\/wp\/v2\/tags?post=489"}],"curies":[{"name":"wp","href":"https:\/\/api.w.org\/{rel}","templated":true}]}}