{"id":474,"date":"2008-01-14T22:46:34","date_gmt":"2008-01-14T21:46:34","guid":{"rendered":"http:\/\/diegosch.wordpress.com\/?p=73"},"modified":"2008-01-14T22:46:34","modified_gmt":"2008-01-14T21:46:34","slug":"schner-kann-mans-kaum-sagen","status":"publish","type":"post","link":"https:\/\/www.pia-roeder.de\/de\/schner-kann-mans-kaum-sagen\/","title":{"rendered":"Sch&#246;ner kann mans kaum sagen"},"content":{"rendered":"<p>Ich verlink ja wirklich ungern auf Content fremder Blogs, aber <a href=\"http:\/\/blog.zeit.de\/sex\/?p=489\" target=\"blank\">DAS<\/a> ist echt unterhaltsam&#8230;. woah und man bekommt einen derben Ohrwurm! *sing* o_OUnd damit das nicht ganz so niveaulos und einsam sprichtw\u00f6rtlich im Walde stehen bleibt, strick ich noch ein bisschen Mehrwert dazu.Hier also meine Zeit-Blog-Schau. Komplett willk\u00fcrlich, da ich au\u00dfer <a href=\"http:\/\/blog.zeit.de\/sex\/\" target=\"blank\">dem von Frau Neudecker<\/a> eigentlich keinen davon lese. Naja gut, Bittner damals. Aber das Problem des globalen Terrors ist scheinbar vorbei, also hat er vor geraumer Zeit auch seinen Blog &#8222;Beruf Terrorist&#8220; eingestellt. Schade.Also was ist denn da noch so \u00fcbrig:Sechs junge, ambitionierte und politisch auf zacke debattieren in der <b><\/b><a href=\"http:\/\/blog.zeit.de\/politiker-wg\/\" target=\"blank\">Politiker WG<\/a>  \u00fcber die Notammannheit im Land. Nachbar Zuender nervt. Joa und das wars auch schon. Liegt seit dem zw\u00f6lften Dezember brach.F\u00fcr unsere Freunde in der Alpenrepublik gibt es den <b><\/b><a href=\"http:\/\/blog.zeit.de\/oesterreich\/\" target=\"blank\">\u00d6si-Blog<\/a> (auch von Frau Neudecker). Scheinbar ist auch seit 12. 12. nichts mehr bei unseren Nachbarn passiert. Und dann auch nur son ein billiger Knut-Abklatsch. Was ist denn los bei euch??? Keine eigenen Ideen \ud83d\ude09<b><\/b><a href=\"http:\/\/blog.zeit.de\/weisslog\/\" target=\"blank\">Der Wei\u00dflog<\/a> wurde auch am 12. das letzte Mal aktualisiert. Ok, jetzt will ich wirklich wissen, was an dem Tag los war.Im <b><\/b><a href=\"http:\/\/blog.zeit.de\/zitat-des-tages\/\" target=\"blank\">Zitat des Tages<\/a> steht das wichtigste der letzten Stunden in Anf\u00fchrungszeichen.<a href=\"http:\/\/blog.zeit.de\/zitat-des-tages\/2008\/01\/12\/die-cdu-kann-mich-mal_239#more-239\" target=\"blank\">Strucks &#8222;Gleichg\u00fcltigkeit&#8220; gegen\u00fcber der CDU<\/a> oder <a href=\"http:\/\/blog.zeit.de\/zitat-des-tages\/2008\/01\/10\/man-wird-nicht-als-frau-geboren-man-wird-es_237\" target=\"blank\">Feministische Ansichten von Simone de Beauvoir anl\u00e4sslich ihres 100. Geburtstags<\/a>. Finds garnicht sooo schlecht&#8230;<b><\/b><a href=\"http:\/\/blog.zeit.de\/pakistan\/\" target=\"blank\">Pakistan-Blog<\/a> muss, weil das Thema zur Zeit alle <a href=\"http:\/\/de.wikipedia.org\/wiki\/Nachrichtenwert\" target=\"blank\">Nachrichtenwerte<\/a> vereint (naja fast) und es mal einen anderen Blickwinkel auf das Land er\u00f6ffnet.Hm, ich lese gerne und deshalb: <a href=\"http:\/\/blog.zeit.de\/seitenblick\/\" target=\"blank\">Ein Seitenblick<\/a>. Wie dem auch sei&#8230;<i>Ist das jetzt Kategorie &#8222;Geschlechterk(r)ampf&#8220; oder doch eher &#8222;Media&#8220;. Also so vom Aufh\u00e4nger her ja eher ersteres. Ach egal, die Rubrik wird hier eh viel zu selten gef\u00fcttert.<\/i><\/p>\n","protected":false},"excerpt":{"rendered":"<p>Ich verlink ja wirklich ungern auf Content fremder Blogs, aber DAS ist echt unterhaltsam&#8230;. woah und man bekommt einen derben Ohrwurm! *sing* o_OUnd damit das nicht ganz so niveaulos und einsam sprichtw\u00f6rtlich im Walde stehen bleibt, strick ich noch ein bisschen Mehrwert dazu.Hier also meine Zeit-Blog-Schau. Komplett willk\u00fcrlich, da ich au\u00dfer dem von Frau Neudecker eigentlich keinen davon lese. Naja gut, Bittner damals. Aber das Problem des globalen Terrors ist scheinbar vorbei, also hat er vor geraumer Zeit auch seinen&hellip;<\/p>\n","protected":false},"author":3,"featured_media":0,"comment_status":"open","ping_status":"open","sticky":false,"template":"","format":"standard","meta":{"footnotes":""},"categories":[1],"tags":[462],"class_list":["post-474","post","type-post","status-publish","format-standard","hentry","category-unter-ferner-liefen","tag-worst-sex-ive-ever-had"],"_links":{"self":[{"href":"https:\/\/www.pia-roeder.de\/de\/wp-json\/wp\/v2\/posts\/474","targetHints":{"allow":["GET"]}}],"collection":[{"href":"https:\/\/www.pia-roeder.de\/de\/wp-json\/wp\/v2\/posts"}],"about":[{"href":"https:\/\/www.pia-roeder.de\/de\/wp-json\/wp\/v2\/types\/post"}],"author":[{"embeddable":true,"href":"https:\/\/www.pia-roeder.de\/de\/wp-json\/wp\/v2\/users\/3"}],"replies":[{"embeddable":true,"href":"https:\/\/www.pia-roeder.de\/de\/wp-json\/wp\/v2\/comments?post=474"}],"version-history":[{"count":0,"href":"https:\/\/www.pia-roeder.de\/de\/wp-json\/wp\/v2\/posts\/474\/revisions"}],"wp:attachment":[{"href":"https:\/\/www.pia-roeder.de\/de\/wp-json\/wp\/v2\/media?parent=474"}],"wp:term":[{"taxonomy":"category","embeddable":true,"href":"https:\/\/www.pia-roeder.de\/de\/wp-json\/wp\/v2\/categories?post=474"},{"taxonomy":"post_tag","embeddable":true,"href":"https:\/\/www.pia-roeder.de\/de\/wp-json\/wp\/v2\/tags?post=474"}],"curies":[{"name":"wp","href":"https:\/\/api.w.org\/{rel}","templated":true}]}}