{"id":427,"date":"2007-11-08T10:47:50","date_gmt":"2007-11-08T09:47:50","guid":{"rendered":"http:\/\/diegosch.wordpress.com\/?p=123"},"modified":"2007-11-08T10:47:50","modified_gmt":"2007-11-08T09:47:50","slug":"immer-einen-schritt-weiter","status":"publish","type":"post","link":"https:\/\/www.pia-roeder.de\/de\/immer-einen-schritt-weiter\/","title":{"rendered":"Immer einen Schritt weiter"},"content":{"rendered":"<p>Wenn man das eine macht, ist man gedanklich schon beim n\u00e4chsten. Geht mir zumindest so. Immer. Jeden Tag. Kaum aufgestanden, denkt man schon ans Fr\u00fchst\u00fcck. Mittags um eins, ist man im Kopf schon im Feierabend und vor dem Schlafen gehen bereitet man sich schon auf den n\u00e4chsten Arbeitstag vor. Klingt nach normalem Wochenablauf. Ist es auch. Aber w\u00e4r sch\u00f6n, wenn sich diese st\u00e4ndige Unkonzentriertheit nur auf solche Nichtigkeiten beschr\u00e4nken w\u00fcrde.Ganze Monate werden in meinem Kopf zu Ereignissen zusammen gefasst, die nach sp\u00e4testens der H\u00e4lfte schon wieder langweilig sind, weil der Kopf schon l\u00e4ngst beim n\u00e4chsten ist. Noch sieben Wochen Praktikum und ich bin gedanklich schon l\u00e4ngst wieder zu Hause am Schreibtisch und br\u00fcte \u00fcber dem Praktikumsbericht. Halt nein. Eigentlich bin ich schon l\u00e4ngst in M\u00fcnchen und mache mein n\u00e4chstes Praktikum kommenden Sommer. Hmm, ich plane ja auch gerade schon meine Zeit in Argentinien 2009.Ich w\u00fcrde gerne einmal konzentriert bei einer Sache bleiben. Einen Schritt ganz vern\u00fcnftig nach dem anderen machen und nicht vier auf einmal und zwischendurch stolpern und hinfallen.<\/p>\n","protected":false},"excerpt":{"rendered":"<p>Wenn man das eine macht, ist man gedanklich schon beim n\u00e4chsten. Geht mir zumindest so. Immer. Jeden Tag. Kaum aufgestanden, denkt man schon ans Fr\u00fchst\u00fcck. Mittags um eins, ist man im Kopf schon im Feierabend und vor dem Schlafen gehen bereitet man sich schon auf den n\u00e4chsten Arbeitstag vor. Klingt nach normalem Wochenablauf. Ist es auch. Aber w\u00e4r sch\u00f6n, wenn sich diese st\u00e4ndige Unkonzentriertheit nur auf solche Nichtigkeiten beschr\u00e4nken w\u00fcrde.Ganze Monate werden in meinem Kopf zu Ereignissen zusammen gefasst, die&hellip;<\/p>\n","protected":false},"author":3,"featured_media":0,"comment_status":"open","ping_status":"open","sticky":false,"template":"","format":"standard","meta":{"footnotes":""},"categories":[1],"tags":[106,242,324],"class_list":["post-427","post","type-post","status-publish","format-standard","hentry","category-unter-ferner-liefen","tag-die-zeit-rennt","tag-leben","tag-praktikum"],"_links":{"self":[{"href":"https:\/\/www.pia-roeder.de\/de\/wp-json\/wp\/v2\/posts\/427","targetHints":{"allow":["GET"]}}],"collection":[{"href":"https:\/\/www.pia-roeder.de\/de\/wp-json\/wp\/v2\/posts"}],"about":[{"href":"https:\/\/www.pia-roeder.de\/de\/wp-json\/wp\/v2\/types\/post"}],"author":[{"embeddable":true,"href":"https:\/\/www.pia-roeder.de\/de\/wp-json\/wp\/v2\/users\/3"}],"replies":[{"embeddable":true,"href":"https:\/\/www.pia-roeder.de\/de\/wp-json\/wp\/v2\/comments?post=427"}],"version-history":[{"count":0,"href":"https:\/\/www.pia-roeder.de\/de\/wp-json\/wp\/v2\/posts\/427\/revisions"}],"wp:attachment":[{"href":"https:\/\/www.pia-roeder.de\/de\/wp-json\/wp\/v2\/media?parent=427"}],"wp:term":[{"taxonomy":"category","embeddable":true,"href":"https:\/\/www.pia-roeder.de\/de\/wp-json\/wp\/v2\/categories?post=427"},{"taxonomy":"post_tag","embeddable":true,"href":"https:\/\/www.pia-roeder.de\/de\/wp-json\/wp\/v2\/tags?post=427"}],"curies":[{"name":"wp","href":"https:\/\/api.w.org\/{rel}","templated":true}]}}