{"id":356,"date":"2007-08-01T18:00:54","date_gmt":"2007-08-01T17:00:54","guid":{"rendered":"http:\/\/diegosch.wordpress.com\/?p=197"},"modified":"2009-09-04T14:28:24","modified_gmt":"2009-09-04T12:28:24","slug":"duziduziduuuuuu","status":"publish","type":"post","link":"https:\/\/www.pia-roeder.de\/de\/duziduziduuuuuu\/","title":{"rendered":"Duziduziduuuuuu"},"content":{"rendered":"<p>Ja etwas wahnsinnig Privates f\u00fcr den Blog, aber ich finds soooo niedlich.<\/p>\n<p>Heute in der Mailbox angekommen:<br \/>\nDas ist Cousinchen Lila, 2 Monate alt und pumperl g&#8217;sund<\/p>\n<p><img decoding=\"async\" src=\"http:\/\/static.twoday.net\/diegosch\/images\/lila.jpg\" alt=\"lila\" width=\"455\" \/><\/p>\n<p>Was mir nur etwas Sorgen macht sind die hellen Haare. Hallooo??? Das M\u00e4del ist Argentinierin. Also eine waschechte durch und durch. Nicht sone halbgare wie ich. Beide Eltern Argentinier und geboren in Buenos Aires. Ich erinner mich zwar nur noch vage an meine Zeit als K\u00fcken, aber ich wei\u00df von Bildern dass ich schw\u00e4rzere Haare hatte als Cher in ihren besten Zeiten.<\/p>\n<p>(Und ja mir ist bekannt, dass es von schwarz keinen Komparativ gibt, aber die Sonne scheint, also ist mir das egal. Schl\u00fcssige Argumentationsketten sind im \u00dcbrigen auch \u00fcberbewertet.)<\/p>\n","protected":false},"excerpt":{"rendered":"<p>Ja etwas wahnsinnig Privates f\u00fcr den Blog, aber ich finds soooo niedlich. Heute in der Mailbox angekommen: Das ist Cousinchen Lila, 2 Monate alt und pumperl g&#8217;sund Was mir nur etwas Sorgen macht sind die hellen Haare. Hallooo??? Das M\u00e4del ist Argentinierin. Also eine waschechte durch und durch. Nicht sone halbgare wie ich. Beide Eltern Argentinier und geboren in Buenos Aires. Ich erinner mich zwar nur noch vage an meine Zeit als K\u00fcken, aber ich wei\u00df von Bildern dass ich&hellip;<\/p>\n","protected":false},"author":3,"featured_media":0,"comment_status":"open","ping_status":"open","sticky":false,"template":"","format":"standard","meta":{"footnotes":""},"categories":[1],"tags":[],"class_list":["post-356","post","type-post","status-publish","format-standard","hentry","category-unter-ferner-liefen"],"_links":{"self":[{"href":"https:\/\/www.pia-roeder.de\/de\/wp-json\/wp\/v2\/posts\/356","targetHints":{"allow":["GET"]}}],"collection":[{"href":"https:\/\/www.pia-roeder.de\/de\/wp-json\/wp\/v2\/posts"}],"about":[{"href":"https:\/\/www.pia-roeder.de\/de\/wp-json\/wp\/v2\/types\/post"}],"author":[{"embeddable":true,"href":"https:\/\/www.pia-roeder.de\/de\/wp-json\/wp\/v2\/users\/3"}],"replies":[{"embeddable":true,"href":"https:\/\/www.pia-roeder.de\/de\/wp-json\/wp\/v2\/comments?post=356"}],"version-history":[{"count":1,"href":"https:\/\/www.pia-roeder.de\/de\/wp-json\/wp\/v2\/posts\/356\/revisions"}],"predecessor-version":[{"id":1728,"href":"https:\/\/www.pia-roeder.de\/de\/wp-json\/wp\/v2\/posts\/356\/revisions\/1728"}],"wp:attachment":[{"href":"https:\/\/www.pia-roeder.de\/de\/wp-json\/wp\/v2\/media?parent=356"}],"wp:term":[{"taxonomy":"category","embeddable":true,"href":"https:\/\/www.pia-roeder.de\/de\/wp-json\/wp\/v2\/categories?post=356"},{"taxonomy":"post_tag","embeddable":true,"href":"https:\/\/www.pia-roeder.de\/de\/wp-json\/wp\/v2\/tags?post=356"}],"curies":[{"name":"wp","href":"https:\/\/api.w.org\/{rel}","templated":true}]}}