{"id":286,"date":"2007-05-25T18:10:23","date_gmt":"2007-05-25T17:10:23","guid":{"rendered":"http:\/\/diegosch.wordpress.com\/?p=275"},"modified":"2008-04-06T01:05:54","modified_gmt":"2008-04-05T23:05:54","slug":"informationen-von-sehr-wenig-relevanz","status":"publish","type":"post","link":"https:\/\/www.pia-roeder.de\/de\/informationen-von-sehr-wenig-relevanz\/","title":{"rendered":"Informationen von sehr wenig Relevanz!"},"content":{"rendered":"<p>Ja es nervt, ich wei\u00df.<br \/>\nSeit gestern quillt der Tagesschau-Ticker \u00fcber (5 Mails!!). Die S\u00fcddeutsche macht heute aus diesem Unsinn sogar einen Aufh\u00e4nger und von der Bild fang ich erst garnicht an.<\/p>\n<p>Ich m\u00f6chte eigentlich auch nicht \u00fcber diesen Humbuk, gar Mumpitz und v\u00f6llig hinf\u00e4llige Hinrissigkeit reden bzw. schreiben.<br \/>\nSch\u00f6n, wenn in unserem Land derartig politischer Stillstand herrscht, dass solche Themen wie auf dem Silbertablett daherkommen und uns (mir insbesondere) den Verstand rauben.<\/p>\n<p>Nicht mal der Irak-Konflikt erf\u00e4hrt in den letzten Tagen so viel Aufmerksamkeit. Dabei sterben dort jeden Tag Menschen. Bei diesem &#8211; entschuldigung &#8211; unwichtigem Schei\u00df haben sich in der Vergangenheit einige eine goldene Nase verdient und beteuern jetzt ihr Fehlverhalten. Dabei d\u00fcrfte jeder mit einem Funken klaren Menschenverstand nicht eine Sekunde daran gezweifelt haben, dass solche Praktiken \u00fcblich sind und zum Tagesgesch\u00e4ft in diesem Business geh\u00f6ren.<\/p>\n<p>Gestern meldete noch ein Bekannter an es sei &#8222;traurig&#8220; was da passiere. Ich finds traurig, dass damit tagelang Zeitungen und Webseiten gef\u00fcttert werden. Dabei gibt es wahrlich Relevanteres als ein paar Dratesel-Besteiger mit rasierten Beinen, die sich kubikzentimeterweise Aufputschmittelchen in die Blutbahn jagen lassen, um eine Zehntelsekunde schneller den Berg hochzustrampeln, als der gedopte Kerl hinter ihnen.<\/p>\n<p>Und ich hol mir jetzt demonstrativ ein St\u00fcck Kuchen gedoped mit Rumaroma. Yummi&#8230; und danach werd ich mich ganz sicher nicht bewegen<\/p>\n","protected":false},"excerpt":{"rendered":"<p>Ja es nervt, ich wei\u00df. Seit gestern quillt der Tagesschau-Ticker \u00fcber (5 Mails!!). Die S\u00fcddeutsche macht heute aus diesem Unsinn sogar einen Aufh\u00e4nger und von der Bild fang ich erst garnicht an. Ich m\u00f6chte eigentlich auch nicht \u00fcber diesen Humbuk, gar Mumpitz und v\u00f6llig hinf\u00e4llige Hinrissigkeit reden bzw. schreiben. Sch\u00f6n, wenn in unserem Land derartig politischer Stillstand herrscht, dass solche Themen wie auf dem Silbertablett daherkommen und uns (mir insbesondere) den Verstand rauben. Nicht mal der Irak-Konflikt erf\u00e4hrt in den&hellip;<\/p>\n","protected":false},"author":3,"featured_media":0,"comment_status":"open","ping_status":"open","sticky":false,"template":"","format":"standard","meta":{"footnotes":""},"categories":[1],"tags":[],"class_list":["post-286","post","type-post","status-publish","format-standard","hentry","category-unter-ferner-liefen"],"_links":{"self":[{"href":"https:\/\/www.pia-roeder.de\/de\/wp-json\/wp\/v2\/posts\/286","targetHints":{"allow":["GET"]}}],"collection":[{"href":"https:\/\/www.pia-roeder.de\/de\/wp-json\/wp\/v2\/posts"}],"about":[{"href":"https:\/\/www.pia-roeder.de\/de\/wp-json\/wp\/v2\/types\/post"}],"author":[{"embeddable":true,"href":"https:\/\/www.pia-roeder.de\/de\/wp-json\/wp\/v2\/users\/3"}],"replies":[{"embeddable":true,"href":"https:\/\/www.pia-roeder.de\/de\/wp-json\/wp\/v2\/comments?post=286"}],"version-history":[{"count":0,"href":"https:\/\/www.pia-roeder.de\/de\/wp-json\/wp\/v2\/posts\/286\/revisions"}],"wp:attachment":[{"href":"https:\/\/www.pia-roeder.de\/de\/wp-json\/wp\/v2\/media?parent=286"}],"wp:term":[{"taxonomy":"category","embeddable":true,"href":"https:\/\/www.pia-roeder.de\/de\/wp-json\/wp\/v2\/categories?post=286"},{"taxonomy":"post_tag","embeddable":true,"href":"https:\/\/www.pia-roeder.de\/de\/wp-json\/wp\/v2\/tags?post=286"}],"curies":[{"name":"wp","href":"https:\/\/api.w.org\/{rel}","templated":true}]}}