{"id":2800,"date":"2011-01-07T09:58:29","date_gmt":"2011-01-07T08:58:29","guid":{"rendered":"http:\/\/www.pia-roeder.de\/?p=2800"},"modified":"2011-01-07T10:18:11","modified_gmt":"2011-01-07T09:18:11","slug":"fuhle-mich-ertappt","status":"publish","type":"post","link":"https:\/\/www.pia-roeder.de\/de\/fuhle-mich-ertappt\/","title":{"rendered":"F\u00fchle mich ertappt"},"content":{"rendered":"<blockquote><p><em>&#8222;Dass Journalisten h\u00e4ufig Probleme mit dem  Lesen von Statistiken haben, ist bekannt. Wer in Mathe eine F\u00fcnf hatte,  war meist gut in Deutsch. Und so wurde man halt Journalist.&#8220;<\/em><\/p><\/blockquote>\n<p><small>Mehr hier: <a title=\"Carta - Die S\u00fcddeutsche Zeitung ist echt s\u00fc\u00df\" href=\"http:\/\/carta.info\/36896\/die-sueddeutsche-zeitung-ist-echt-suess\/\" target=\"_blank\">&#8222;Die S\u00fcddeutsche Zeitung ist echt s\u00fc\u00df&#8220;,<\/a> Carta vom 30.12.2010<\/small><\/p>\n<p>Ich glaube, ich bin ein bisschen in Wolfgang Michal verliebt.<\/p>\n<p>Und der Grund, warum ich sowas Kurzes nicht auf Twitter verheize: <a title=\"24 reason why twitter suckz\" href=\"http:\/\/www.slideshare.net\/henricodolfing\/24-reasons-why-twitter-sucks\" target=\"_blank\">Ich finds immernoch doof<\/a>.<\/p>\n","protected":false},"excerpt":{"rendered":"<p>&#8222;Dass Journalisten h\u00e4ufig Probleme mit dem Lesen von Statistiken haben, ist bekannt. Wer in Mathe eine F\u00fcnf hatte, war meist gut in Deutsch. Und so wurde man halt Journalist.&#8220; Mehr hier: &#8222;Die S\u00fcddeutsche Zeitung ist echt s\u00fc\u00df&#8220;, Carta vom 30.12.2010 Ich glaube, ich bin ein bisschen in Wolfgang Michal verliebt. Und der Grund, warum ich sowas Kurzes nicht auf Twitter verheize: Ich finds immernoch doof.<\/p>\n","protected":false},"author":3,"featured_media":0,"comment_status":"open","ping_status":"open","sticky":false,"template":"","format":"standard","meta":{"footnotes":""},"categories":[1],"tags":[1476,1919,629,399,1478,1477],"class_list":["post-2800","post","type-post","status-publish","format-standard","hentry","category-unter-ferner-liefen","tag-carta","tag-journalismus","tag-statistik","tag-sz","tag-twitter-suckz","tag-wolfgang-michal"],"_links":{"self":[{"href":"https:\/\/www.pia-roeder.de\/de\/wp-json\/wp\/v2\/posts\/2800","targetHints":{"allow":["GET"]}}],"collection":[{"href":"https:\/\/www.pia-roeder.de\/de\/wp-json\/wp\/v2\/posts"}],"about":[{"href":"https:\/\/www.pia-roeder.de\/de\/wp-json\/wp\/v2\/types\/post"}],"author":[{"embeddable":true,"href":"https:\/\/www.pia-roeder.de\/de\/wp-json\/wp\/v2\/users\/3"}],"replies":[{"embeddable":true,"href":"https:\/\/www.pia-roeder.de\/de\/wp-json\/wp\/v2\/comments?post=2800"}],"version-history":[{"count":4,"href":"https:\/\/www.pia-roeder.de\/de\/wp-json\/wp\/v2\/posts\/2800\/revisions"}],"predecessor-version":[{"id":2802,"href":"https:\/\/www.pia-roeder.de\/de\/wp-json\/wp\/v2\/posts\/2800\/revisions\/2802"}],"wp:attachment":[{"href":"https:\/\/www.pia-roeder.de\/de\/wp-json\/wp\/v2\/media?parent=2800"}],"wp:term":[{"taxonomy":"category","embeddable":true,"href":"https:\/\/www.pia-roeder.de\/de\/wp-json\/wp\/v2\/categories?post=2800"},{"taxonomy":"post_tag","embeddable":true,"href":"https:\/\/www.pia-roeder.de\/de\/wp-json\/wp\/v2\/tags?post=2800"}],"curies":[{"name":"wp","href":"https:\/\/api.w.org\/{rel}","templated":true}]}}