{"id":28,"date":"2007-02-09T23:59:59","date_gmt":"2007-02-09T21:59:59","guid":{"rendered":"http:\/\/diegosch.wordpress.com\/?p=348"},"modified":"2008-04-06T01:57:45","modified_gmt":"2008-04-05T23:57:45","slug":"jaaa-ok-skifahrn-ist-toll","status":"publish","type":"post","link":"https:\/\/www.pia-roeder.de\/de\/jaaa-ok-skifahrn-ist-toll\/","title":{"rendered":"Jaaa ok&#8230; Skifahrn ist toll&#8230;"},"content":{"rendered":"<p>Rot, silber, schwarz. Verspiegelte Sonnenbrille, sonnengebr\u00e4untes Gesicht,  strahlendes L\u00e4cheln.<\/p>\n<p>Was w\u00e4re ein Blogeintrag aus dem Skiurlaub ohne die Skilehrer zu erw\u00e4hnen.  Allesamt gro\u00df, Mitte bis Ende 20, mit wallendem Haar und mit s\u00fcdl\u00e4ndischem Temperament. Nur meiner nicht. Meiner Skilehrer hei\u00dft nicht Ricardo, Marco oder Silvio, sondern Nicky. Gerade 23 geworden, kurzes blondes Haar und ich \u00fcberange ihn um gesch\u00e4tzte 10 cm. Au\u00dferdem ist er Holl\u00e4nder. Aber Skifahren kann er trotzdem. Und das ist ja die Hauptsache.<\/p>\n<p>Diese K\u00f6nner-Aura, die die Herren mit den auff\u00e4lligen Anz\u00fcgen umgibt, hat schon was. In normale Stra\u00dfenklamotten oder Boxershorts, sehen die sicher nicht mehr so attraktiv&#8230;.moment&#8230;ne, vergessen wir das. Was die Kerle so verdammt sexy macht, ist einfach ihre Professionalit\u00e4t (und der damit wahrscheinlich verbundene Knackarsch\/Waschbrettbauch). Skifahrnen ist nunmal sexy und alle, die es wirklich k\u00f6nnen (Ja Chistoph, du auch) auch. Ich f\u00fchl mich immoment noch wie ein Marshmallow auf zu gro\u00df geratenen Eisstielen. Ist nicht so, dass ich es absolut nicht kann. Aber es m\u00fcssen wesentlich coolere Skiklamotten her.<\/p>\n<p>An dieser Stelle m\u00f6chte ich mich noch bei allen Freunden (insebsondere bei Christoph) entschuldigen, denen ich vor dem Kopf gesto\u00dfen habe, immer wenn das Gespr\u00e4ch darauf kam und lauthals herausposaunt habe, dass Skifahren und Schnee ganz gro\u00dfer Affenschei\u00dfe sind und ich gewiss niemals freiwillig Winterurlaub machen werde. Stimmt nicht. Skifahrn macht echt Spa\u00df. Zwar nervt Nebel mit Sichtweite von gesch\u00e4tzten 5 Metern, aber wenns sonnig ist, rockt das doch gewaltig und ja verdammt, ich will Skiurlaub n\u00e4chstes Jahr!! (und einen Skilehrer, der gro\u00df und dunkelhaarig ist und Ricardo, Marco oder Silvio hei\u00dft. Genau so wie der, der der Alten aus dem Nachbarzimmer Privatunterricht gibt&#8230;in was auch immer&#8230;)<\/p>\n","protected":false},"excerpt":{"rendered":"<p>Rot, silber, schwarz. Verspiegelte Sonnenbrille, sonnengebr\u00e4untes Gesicht, strahlendes L\u00e4cheln. Was w\u00e4re ein Blogeintrag aus dem Skiurlaub ohne die Skilehrer zu erw\u00e4hnen. Allesamt gro\u00df, Mitte bis Ende 20, mit wallendem Haar und mit s\u00fcdl\u00e4ndischem Temperament. Nur meiner nicht. Meiner Skilehrer hei\u00dft nicht Ricardo, Marco oder Silvio, sondern Nicky. Gerade 23 geworden, kurzes blondes Haar und ich \u00fcberange ihn um gesch\u00e4tzte 10 cm. Au\u00dferdem ist er Holl\u00e4nder. Aber Skifahren kann er trotzdem. Und das ist ja die Hauptsache. Diese K\u00f6nner-Aura, die die&hellip;<\/p>\n","protected":false},"author":3,"featured_media":0,"comment_status":"open","ping_status":"open","sticky":false,"template":"","format":"standard","meta":{"footnotes":""},"categories":[1],"tags":[543,1926,542],"class_list":["post-28","post","type-post","status-publish","format-standard","hentry","category-unter-ferner-liefen","tag-schnee","tag-schweiz","tag-skifahren"],"_links":{"self":[{"href":"https:\/\/www.pia-roeder.de\/de\/wp-json\/wp\/v2\/posts\/28","targetHints":{"allow":["GET"]}}],"collection":[{"href":"https:\/\/www.pia-roeder.de\/de\/wp-json\/wp\/v2\/posts"}],"about":[{"href":"https:\/\/www.pia-roeder.de\/de\/wp-json\/wp\/v2\/types\/post"}],"author":[{"embeddable":true,"href":"https:\/\/www.pia-roeder.de\/de\/wp-json\/wp\/v2\/users\/3"}],"replies":[{"embeddable":true,"href":"https:\/\/www.pia-roeder.de\/de\/wp-json\/wp\/v2\/comments?post=28"}],"version-history":[{"count":0,"href":"https:\/\/www.pia-roeder.de\/de\/wp-json\/wp\/v2\/posts\/28\/revisions"}],"wp:attachment":[{"href":"https:\/\/www.pia-roeder.de\/de\/wp-json\/wp\/v2\/media?parent=28"}],"wp:term":[{"taxonomy":"category","embeddable":true,"href":"https:\/\/www.pia-roeder.de\/de\/wp-json\/wp\/v2\/categories?post=28"},{"taxonomy":"post_tag","embeddable":true,"href":"https:\/\/www.pia-roeder.de\/de\/wp-json\/wp\/v2\/tags?post=28"}],"curies":[{"name":"wp","href":"https:\/\/api.w.org\/{rel}","templated":true}]}}