{"id":2783,"date":"2010-10-27T09:37:38","date_gmt":"2010-10-27T07:37:38","guid":{"rendered":"http:\/\/www.pia-roeder.de\/?p=2783"},"modified":"2012-11-19T13:28:33","modified_gmt":"2012-11-19T12:28:33","slug":"die-meiste-zeit-hab-ich-unten-gelegen","status":"publish","type":"post","link":"https:\/\/www.pia-roeder.de\/de\/die-meiste-zeit-hab-ich-unten-gelegen\/","title":{"rendered":"Die meiste Zeit hab ich unten gelegen"},"content":{"rendered":"<p>Ich hab&#8217;s getan! Ich bin von der Frauengymnastikgruppe \u00fcbergegangen zum harten M\u00e4nnerkampfsport. Gestern war das erste Probetraining Jiu Jitsu und ich war schon nach dem Aufw\u00e4rmtraining recht im Eimer. Mir fehlt es doch an Praxis was Liegest\u00fctze und Crunches in zigmilllionenfacher Wiederholung angeht. Hat den M\u00e4nnern, die ausschlie\u00dflich au\u00dfer mir noch da waren, aber nicht so viel ausgemacht. Auch die Begleitung &#8222;fand&#8217;s locker&#8220;. Angeber.<\/p>\n<p>Nach der ersten Phase hat es keine zehn Minuten gedauert und ich lag r\u00fccklings auf der Matte und ein starkbehaarter S\u00fcdosteurop\u00e4er klammerte sich um meinen Kopf und bat mich, ihn in die Rippen zu boxen. Gerne! Hat nur nix gebracht. Minuten sp\u00e4ter hatte er mich immer noch im Schwitzkasten und ich konnte mich nicht bewegen w\u00e4hrend um mich herum M\u00e4nner sich paarweise in inniger Umarmung \u00fcber die Matten kugelten. Dann hat mir Igor fast das R\u00fcckgrat gebrochen und ich stand wie von Zauberhand wieder aufrecht.<\/p>\n<p>Aber so brutal wie beschrieben war es gar nicht. Hat sogar etwas Meditatives, wenn man zwei stark schwitzenden M\u00e4nnern zuschaut, die sich, verschlungen wie ein gordischer Knoten, gegenseitig versuchen umzuwerfen. Ist wie bei einer Lavalampe. Faszinierend. W\u00e4ren das zwei Frauen gewesen, k\u00f6nnte man das auch gut filmen und nachts auf DSF zeigen. Au\u00dferdem hatte ich (Mama, bitte weglesen) schon lange nicht mehr so viel Brusthaar im Gesicht.<\/p>\n<p><small>Foto: <a href=\"http:\/\/www.flickr.com\/photos\/pjhanley\/\">PJHanley<\/a><\/small><\/p>\n","protected":false},"excerpt":{"rendered":"<p>Ich hab&#8217;s getan! Ich bin von der Frauengymnastikgruppe \u00fcbergegangen zum harten M\u00e4nnerkampfsport. Gestern war das erste Probetraining Jiu Jitsu und ich war schon nach dem Aufw\u00e4rmtraining recht im Eimer. Mir fehlt es doch an Praxis was Liegest\u00fctze und Crunches in zigmilllionenfacher Wiederholung angeht. Hat den M\u00e4nnern, die ausschlie\u00dflich au\u00dfer mir noch da waren, aber nicht so viel ausgemacht. Auch die Begleitung &#8222;fand&#8217;s locker&#8220;. Angeber. Nach der ersten Phase hat es keine zehn Minuten gedauert und ich lag r\u00fccklings auf der&hellip;<\/p>\n","protected":false},"author":3,"featured_media":0,"comment_status":"open","ping_status":"open","sticky":false,"template":"","format":"standard","meta":{"footnotes":""},"categories":[1],"tags":[1468,1467,1466],"class_list":["post-2783","post","type-post","status-publish","format-standard","hentry","category-unter-ferner-liefen","tag-hartes-training","tag-jiu-jitsu","tag-kampfsport"],"_links":{"self":[{"href":"https:\/\/www.pia-roeder.de\/de\/wp-json\/wp\/v2\/posts\/2783","targetHints":{"allow":["GET"]}}],"collection":[{"href":"https:\/\/www.pia-roeder.de\/de\/wp-json\/wp\/v2\/posts"}],"about":[{"href":"https:\/\/www.pia-roeder.de\/de\/wp-json\/wp\/v2\/types\/post"}],"author":[{"embeddable":true,"href":"https:\/\/www.pia-roeder.de\/de\/wp-json\/wp\/v2\/users\/3"}],"replies":[{"embeddable":true,"href":"https:\/\/www.pia-roeder.de\/de\/wp-json\/wp\/v2\/comments?post=2783"}],"version-history":[{"count":5,"href":"https:\/\/www.pia-roeder.de\/de\/wp-json\/wp\/v2\/posts\/2783\/revisions"}],"predecessor-version":[{"id":3895,"href":"https:\/\/www.pia-roeder.de\/de\/wp-json\/wp\/v2\/posts\/2783\/revisions\/3895"}],"wp:attachment":[{"href":"https:\/\/www.pia-roeder.de\/de\/wp-json\/wp\/v2\/media?parent=2783"}],"wp:term":[{"taxonomy":"category","embeddable":true,"href":"https:\/\/www.pia-roeder.de\/de\/wp-json\/wp\/v2\/categories?post=2783"},{"taxonomy":"post_tag","embeddable":true,"href":"https:\/\/www.pia-roeder.de\/de\/wp-json\/wp\/v2\/tags?post=2783"}],"curies":[{"name":"wp","href":"https:\/\/api.w.org\/{rel}","templated":true}]}}