{"id":276,"date":"2007-05-11T18:36:14","date_gmt":"2007-05-11T17:36:14","guid":{"rendered":"http:\/\/diegosch.wordpress.com\/?p=292"},"modified":"2008-04-06T01:10:00","modified_gmt":"2008-04-05T23:10:00","slug":"mir-fallt-nichtmal-eine-uberschrift-ein","status":"publish","type":"post","link":"https:\/\/www.pia-roeder.de\/de\/mir-fallt-nichtmal-eine-uberschrift-ein\/","title":{"rendered":"Mir f\u00e4llt nichtmal eine \u00dcberschrift ein (!!)"},"content":{"rendered":"<p>Es gibt Zeiten im Laufe eines Semesters in denen der Kopf komplett leer ist. Wenn weder etwas Intelligentes rein- noch rauskommt. In manchen Studieng\u00e4ngen mag das nicht weiter relevant sein&#8230;Sozialp\u00e4dagogik zum Beispiel. Aber ich m\u00f6chte hier keine mir fremden Studieng\u00e4nge diffamieren, nichts liegt mir ferner.<\/p>\n<p>Ich will eher darauf eingehen, dass es bei meinem journalistischen Studien zwar rein input-m\u00e4\u00dfig nicht so sehr auf Hinrleistung ankommt, aber es muss dauernd irgend etwas Kluges rauskommen.<\/p>\n<p>Sitze zum Beispiel seit gut zwei Wochen an der Reportage f\u00fcr das Semesterprojekt und gr\u00fcble \u00fcber einen netten Text zum Thema Schlafzyklen und Traumphasen nach. Ist nicht unbedingt das absolut spannendste Thema der Welt, aber es ist wie gesagt ein Semesterprojekt und man muss durch. Habe bisher zwei Seiten geballten Schwachsinn zu Papier gebracht und denke nicht, dass sich das bis zum Abgabetremin am 11. Mai gro\u00dfartig zum Guten wenden wird.<\/p>\n<p>Anderes Beispiel: Das Flash-Seminar an diesem und am letzten Wochenende. Ich gehe rein mit wenig Verstand und komme raus mit einem Gef\u00fchlskocktail aus Agression und Ratlosigkeit und mit dem Wissen irgendwie nicht ganz dem logischen Denken m\u00e4chtig zu sein. Etwa so wie nach vier Stunden Matheabi damals zu Schulzeiten.<\/p>\n<p>(Vom inhaltslosen Bloggen mal ganz abgesehn)<\/p>\n<p>Zeit f\u00fcr Uraschenforschung:<br \/>\nMan k\u00f6nnte sich zu Niveauvollem hinwenden und behaupten ich habe in der letzten Zeit viel um die Ohren, was mich vom Nachdenken \u00fcber intellektuelle Sachverhalte ablenkt. Stimmt auch soweit. Aber ich m\u00f6chte meine Langzeitstudie in die Erkl\u00e4rung mit einflechten und darauf hinweisen, dass ich im Jahr 2006 wesentlich produktiver und kreativer war als im ersten Quartald iesen Jahres. Was uns zu weniger niveauvollen Erkl\u00e4rungen f\u00fcr (und ja ich m\u00f6chte es in gewisser Weise so nennen) Denkblockade bringt: Als sexuell aktiver Single bin ich definitiv zu wesentlich mehr zu gebrauchen. Da flutscht die Reportage auch viel besser &#8230; um im Fachjargon zu bleiben.<\/p>\n<p>(Alle Tippfehler laste ich meinem unausgeglichen Hormonhaushalt an.)<\/p>\n<p><strong> Nachtrag vom 11. Mai<\/strong><br \/>\nStudien zu Beweis des Umkehrschlusses angestellt und meine Theorie hat sich als verifiziert erwiesen. Bin des Schreibens wieder m\u00e4chtig.<\/p>\n","protected":false},"excerpt":{"rendered":"<p>Es gibt Zeiten im Laufe eines Semesters in denen der Kopf komplett leer ist. Wenn weder etwas Intelligentes rein- noch rauskommt. In manchen Studieng\u00e4ngen mag das nicht weiter relevant sein&#8230;Sozialp\u00e4dagogik zum Beispiel. Aber ich m\u00f6chte hier keine mir fremden Studieng\u00e4nge diffamieren, nichts liegt mir ferner. Ich will eher darauf eingehen, dass es bei meinem journalistischen Studien zwar rein input-m\u00e4\u00dfig nicht so sehr auf Hinrleistung ankommt, aber es muss dauernd irgend etwas Kluges rauskommen. Sitze zum Beispiel seit gut zwei Wochen&hellip;<\/p>\n","protected":false},"author":3,"featured_media":0,"comment_status":"open","ping_status":"open","sticky":false,"template":"","format":"standard","meta":{"footnotes":""},"categories":[1],"tags":[],"class_list":["post-276","post","type-post","status-publish","format-standard","hentry","category-unter-ferner-liefen"],"_links":{"self":[{"href":"https:\/\/www.pia-roeder.de\/de\/wp-json\/wp\/v2\/posts\/276","targetHints":{"allow":["GET"]}}],"collection":[{"href":"https:\/\/www.pia-roeder.de\/de\/wp-json\/wp\/v2\/posts"}],"about":[{"href":"https:\/\/www.pia-roeder.de\/de\/wp-json\/wp\/v2\/types\/post"}],"author":[{"embeddable":true,"href":"https:\/\/www.pia-roeder.de\/de\/wp-json\/wp\/v2\/users\/3"}],"replies":[{"embeddable":true,"href":"https:\/\/www.pia-roeder.de\/de\/wp-json\/wp\/v2\/comments?post=276"}],"version-history":[{"count":0,"href":"https:\/\/www.pia-roeder.de\/de\/wp-json\/wp\/v2\/posts\/276\/revisions"}],"wp:attachment":[{"href":"https:\/\/www.pia-roeder.de\/de\/wp-json\/wp\/v2\/media?parent=276"}],"wp:term":[{"taxonomy":"category","embeddable":true,"href":"https:\/\/www.pia-roeder.de\/de\/wp-json\/wp\/v2\/categories?post=276"},{"taxonomy":"post_tag","embeddable":true,"href":"https:\/\/www.pia-roeder.de\/de\/wp-json\/wp\/v2\/tags?post=276"}],"curies":[{"name":"wp","href":"https:\/\/api.w.org\/{rel}","templated":true}]}}