{"id":237,"date":"2007-03-12T11:13:47","date_gmt":"2007-03-12T10:13:47","guid":{"rendered":"http:\/\/diegosch.wordpress.com\/?p=329"},"modified":"2008-04-06T01:25:47","modified_gmt":"2008-04-05T23:25:47","slug":"instant-folgemilch-aus-echten-brusten","status":"publish","type":"post","link":"https:\/\/www.pia-roeder.de\/de\/instant-folgemilch-aus-echten-brusten\/","title":{"rendered":"Instant-Folgemilch aus echten Br\u00fcsten?!"},"content":{"rendered":"<p>Heute mal etwas mit <span style=\"text-decoration: line-through;\">N\u00e4hr-<\/span> Mehrwert<\/p>\n<p>Die Schlecker Drogeriemarktkette muss allen Anschein nach noch etwas an ihrer kundenorientierten Marketingstrategie feilen.<br \/>\nSo geschah es, dass ein v\u00f6llig unbedarfter, kinderloser Singlemann sich nichts B\u00f6ses ahnend Rasiergel im Onlineshop des eben genannten Drogeriemarktes bestellte. Brav wie die Leute vom Versand sind, legen sie jedem Kunden ein kleines Pr\u00e4sent mit in die Warensendung und so geschah es, dass vier Tage sp\u00e4ter neben dem Rasiergel eine Probepackung &#8222;Humana Folgemilch&#8220; f\u00fcr Babys ab dem 8. Lebensmonat auf dem Tisch lag.<\/p>\n<p>Nachdem erste \u00dcberlegungen, ob das echte Instant-Muttermilch aus echten Menschenbr\u00fcsten sei, durch meine Erkl\u00e4rung des Wortes &#8222;Folge&#8220; in Folgemilch beendet wurden, beschloss man das Produkt zu testen. Einem geschenkten Gaul, schaut man ja schlie\u00dflich icht ins Maul. Wusste ja die Oma schon.<\/p>\n<p>Also frisch ans Werk und 200ml hei\u00dfes Wasser mit dem Pulver verr\u00fchrt und mangels Babytrinkflasche und Nuckel in ein Glas gef\u00fcllt und probiert.<\/p>\n<p>Die Reaktionen reichten von &#8222;garnicht so schlecht, schmeckt nach Apfel&#8220; \u00fcber &#8222;macht ein warmes, gubbliges Gef\u00fchl im Bauch&#8220; bis hin zu &#8222;B\u00e4h schmeckt nach p\u00fcriertem Pappmaschee &#8211; das trink ich net!!&#8220;.<\/p>\n<p>Wir machten uns noch f\u00fcrs Fotoalbum Folgemilchb\u00e4rte und lie\u00dfen das Gebr\u00e4u dann guten Gewissens stehn und beobachten jetzt, ob sich daraus alternative Lebensformen entwickeln. Dazu sp\u00e4ter evtl. mehr.<\/p>\n<p><img loading=\"lazy\" decoding=\"async\" src=\"http:\/\/static.twoday.net\/diegosch\/images\/folgemilch.jpg\" alt=\"folgemilch\" width=\"400\" height=\"300\" \/><\/p>\n","protected":false},"excerpt":{"rendered":"<p>Heute mal etwas mit N\u00e4hr- Mehrwert Die Schlecker Drogeriemarktkette muss allen Anschein nach noch etwas an ihrer kundenorientierten Marketingstrategie feilen. So geschah es, dass ein v\u00f6llig unbedarfter, kinderloser Singlemann sich nichts B\u00f6ses ahnend Rasiergel im Onlineshop des eben genannten Drogeriemarktes bestellte. Brav wie die Leute vom Versand sind, legen sie jedem Kunden ein kleines Pr\u00e4sent mit in die Warensendung und so geschah es, dass vier Tage sp\u00e4ter neben dem Rasiergel eine Probepackung &#8222;Humana Folgemilch&#8220; f\u00fcr Babys ab dem 8. Lebensmonat&hellip;<\/p>\n","protected":false},"author":3,"featured_media":0,"comment_status":"open","ping_status":"open","sticky":false,"template":"","format":"standard","meta":{"footnotes":""},"categories":[1],"tags":[],"class_list":["post-237","post","type-post","status-publish","format-standard","hentry","category-unter-ferner-liefen"],"_links":{"self":[{"href":"https:\/\/www.pia-roeder.de\/de\/wp-json\/wp\/v2\/posts\/237","targetHints":{"allow":["GET"]}}],"collection":[{"href":"https:\/\/www.pia-roeder.de\/de\/wp-json\/wp\/v2\/posts"}],"about":[{"href":"https:\/\/www.pia-roeder.de\/de\/wp-json\/wp\/v2\/types\/post"}],"author":[{"embeddable":true,"href":"https:\/\/www.pia-roeder.de\/de\/wp-json\/wp\/v2\/users\/3"}],"replies":[{"embeddable":true,"href":"https:\/\/www.pia-roeder.de\/de\/wp-json\/wp\/v2\/comments?post=237"}],"version-history":[{"count":0,"href":"https:\/\/www.pia-roeder.de\/de\/wp-json\/wp\/v2\/posts\/237\/revisions"}],"wp:attachment":[{"href":"https:\/\/www.pia-roeder.de\/de\/wp-json\/wp\/v2\/media?parent=237"}],"wp:term":[{"taxonomy":"category","embeddable":true,"href":"https:\/\/www.pia-roeder.de\/de\/wp-json\/wp\/v2\/categories?post=237"},{"taxonomy":"post_tag","embeddable":true,"href":"https:\/\/www.pia-roeder.de\/de\/wp-json\/wp\/v2\/tags?post=237"}],"curies":[{"name":"wp","href":"https:\/\/api.w.org\/{rel}","templated":true}]}}