{"id":2344,"date":"2010-03-18T22:32:46","date_gmt":"2010-03-19T01:32:46","guid":{"rendered":"http:\/\/www.pia-roeder.de\/?p=2344"},"modified":"2013-08-02T17:23:01","modified_gmt":"2013-08-02T15:23:01","slug":"despedida","status":"publish","type":"post","link":"https:\/\/www.pia-roeder.de\/de\/despedida\/","title":{"rendered":"Despedida!"},"content":{"rendered":"<p>Man soll gehen, wenns am sch\u00f6nsten ist&#8230; oder man die Schnauze voll hat. Bei mir ist es ein bisschen von beidem. Dpoch ich bin schon wieder zu lang hier und es kribbelt in den F\u00fc\u00dfen. Ich muss weiter. Und zum Abschied gibts ein Bild, das f\u00fcr mich typisch Mendoza ist.<\/p>\n<p>Gerade beim Abschied merk ich, wie viel Spa\u00df Mendoza doch gemacht hat: der Unterricht bei Intercultural, das Kellnern in Faro. Ich hab zwar von der <a title=\"Vendimia in Mendoza\" href=\"http:\/\/www.vendimia.mendoza.gov.ar\/vendimia\/\" target=\"_blank\">Vendimia<\/a>, dem traditionellen Weinfest Anfang M\u00e4rz, au\u00dfer einem schnellen Blick von verschmierten Tellern Richtung Feuerwerk links und Umzug rechts nichts mitbekommen; mich trotz Weingegend nur ein einziges Mal mit Kollegen betrunken; hab die meiste Zeit zwischen arbeiten und unterrichten in der Horizontalen und schlafend verbracht;\u00a0 hab das Erdbeben Ende Februar NICHT gesp\u00fcrt; hab neben einigen guten auch schlechte Zeitgenossen getroffen (andere Geschichte). Und doch&#8230; ich werds vermissen.<\/p>\n<p>Morgen fr\u00fch um halb zehn geht der Bus nach Chile, Visa erneuern; <a title=\"Valpara\u00edso\" href=\"http:\/\/de.wikipedia.org\/wiki\/Valpara%C3%ADso\" target=\"_blank\">Valpara\u00edso<\/a>,  <a title=\"Vi\u00f1a del Mar\" href=\"http:\/\/de.wikipedia.org\/wiki\/Vi%C3%B1a_del_Mar\" target=\"_blank\">Vi\u00f1a del Mar<\/a> und <a title=\"Santiago de Chile\" href=\"http:\/\/de.wikipedia.org\/wiki\/Santiago_de_Chile\" target=\"_blank\">Santiago<\/a> innerhalb von vier Tagen anschauen und der weitere Plan sieht dann so aus:<\/p>\n<p><a title=\"flickr - Reiseroute S\u00fcdamerika\" href=\"http:\/\/farm5.static.flickr.com\/4014\/4444664192_9d779d4187_o.jpg\" target=\"_blank\"><img decoding=\"async\" src=\"http:\/\/wp1103746.wp140.webpack.hosteurope.de\/wp-content\/uploads\/2010\/03\/travelroute.jpg\" alt=\"Reiseroute S\u00fcdamerika\" width=\"450\" \/><\/a><\/p>\n<p>Aus der Argentinienreise ist ein Trip durch ganz S\u00fcdamerika im  Zeitraffer geworden.<\/p>\n<p>Anfang n\u00e4chster Woche mit Sack und Pack nach Buenos Aires, das wichtigste per Post nach Hause schicken, Familie verabschieden und zum letzten Mal was richtiges Essen. Dann gehts n\u00e4mlich auf die offiziell <a title=\"Reisemagazin Lateinamerika - L\u00e4ngste Busreise der Welt\" href=\"http:\/\/lateinamerika-reisemagazin.com\/2009\/09\/13\/die-langste-busreise-der-welt-mit-dem-bus-von-caracas-nach-lima-und-dann-nach-buenos-aires\/\" target=\"_blank\">l\u00e4ngste Busreise der Welt<\/a> bis hoch nach Venezuela. Das hei\u00dft: zwei Wochen in mindestens zehn verschiedenen Bussen durch die Pampa, auf der &#8222;Ruta de los muertos&#8220; \u00fcber die Anden und hoffen, keine Abh\u00e4nge hinunterzust\u00fcrzen.<\/p>\n<p>Sollte ich heil in Venezuela ankommen, faulenz ich etwa f\u00fcnf Tage auf <a title=\"Isla Margarita\" href=\"http:\/\/de.wikipedia.org\/wiki\/Isla_Margarita\" target=\"_blank\">Isla Margartia<\/a> im Hostel eines Kumpels und dann gehts am 20. April per <a title=\"Landung auf San Martin\" href=\"http:\/\/www.youtube.com\/watch?v=3LtoK1ohWx4\" target=\"_blank\">Flieger auf die Antillen<\/a> und von San Martin aus auf einer 11-Meter-Nusschale \u00fcber den Atlantik Richtung Heimat. Dass ich keinerlei Segelerfahrung hab und gleich beim ersten Versuch sechs Wochen \u00fcber einen Ozean schippern will, ist \u00fcberraschenderweise noch gar nicht so beunruhigend. Kommt aber noch.<\/p>\n<p>Ich werd vorraussichtlich Anfang bis Mitte Juni an der Nordseek\u00fcste von Board gehen und dann d\u00fcrften sich so einige in Hamburg auf einen Besuch gefasst machen. Man darf also schon mal das Astra kalt stellen.<\/p>\n","protected":false},"excerpt":{"rendered":"<p>Man soll gehen, wenns am sch\u00f6nsten ist&#8230; oder man die Schnauze voll hat. Bei mir ist es ein bisschen von beidem. Dpoch ich bin schon wieder zu lang hier und es kribbelt in den F\u00fc\u00dfen. Ich muss weiter. Und zum Abschied gibts ein Bild, das f\u00fcr mich typisch Mendoza ist. Gerade beim Abschied merk ich, wie viel Spa\u00df Mendoza doch gemacht hat: der Unterricht bei Intercultural, das Kellnern in Faro. Ich hab zwar von der Vendimia, dem traditionellen Weinfest Anfang&hellip;<\/p>\n","protected":false},"author":3,"featured_media":3848,"comment_status":"closed","ping_status":"closed","sticky":false,"template":"","format":"standard","meta":{"footnotes":""},"categories":[39,1348,1501],"tags":[1913,1930,1373,1285],"class_list":["post-2344","post","type-post","status-publish","format-standard","has-post-thumbnail","hentry","category-argentinien","category-mendoza","category-suedamerika","tag-argentinien","tag-mendoza","tag-plane","tag-reisen","post-has-thumbnail"],"_links":{"self":[{"href":"https:\/\/www.pia-roeder.de\/de\/wp-json\/wp\/v2\/posts\/2344","targetHints":{"allow":["GET"]}}],"collection":[{"href":"https:\/\/www.pia-roeder.de\/de\/wp-json\/wp\/v2\/posts"}],"about":[{"href":"https:\/\/www.pia-roeder.de\/de\/wp-json\/wp\/v2\/types\/post"}],"author":[{"embeddable":true,"href":"https:\/\/www.pia-roeder.de\/de\/wp-json\/wp\/v2\/users\/3"}],"replies":[{"embeddable":true,"href":"https:\/\/www.pia-roeder.de\/de\/wp-json\/wp\/v2\/comments?post=2344"}],"version-history":[{"count":24,"href":"https:\/\/www.pia-roeder.de\/de\/wp-json\/wp\/v2\/posts\/2344\/revisions"}],"predecessor-version":[{"id":5108,"href":"https:\/\/www.pia-roeder.de\/de\/wp-json\/wp\/v2\/posts\/2344\/revisions\/5108"}],"wp:featuredmedia":[{"embeddable":true,"href":"https:\/\/www.pia-roeder.de\/de\/wp-json\/wp\/v2\/media\/3848"}],"wp:attachment":[{"href":"https:\/\/www.pia-roeder.de\/de\/wp-json\/wp\/v2\/media?parent=2344"}],"wp:term":[{"taxonomy":"category","embeddable":true,"href":"https:\/\/www.pia-roeder.de\/de\/wp-json\/wp\/v2\/categories?post=2344"},{"taxonomy":"post_tag","embeddable":true,"href":"https:\/\/www.pia-roeder.de\/de\/wp-json\/wp\/v2\/tags?post=2344"}],"curies":[{"name":"wp","href":"https:\/\/api.w.org\/{rel}","templated":true}]}}