{"id":229,"date":"2007-02-18T17:44:16","date_gmt":"2007-02-18T16:44:16","guid":{"rendered":"http:\/\/diegosch.wordpress.com\/?p=339"},"modified":"2008-04-06T01:27:08","modified_gmt":"2008-04-05T23:27:08","slug":"seniorennachmittag","status":"publish","type":"post","link":"https:\/\/www.pia-roeder.de\/de\/seniorennachmittag\/","title":{"rendered":"Seniorennachmittag"},"content":{"rendered":"<p>Bei diesem formidablen Wetterchen l\u00e4sst man es sich gerne gut gehn und verbingt den Auftakt der Sommersaison essend und an der frischen Luft. So kam es, dass ich mit <a href=\"http:\/\/fernfieber.twoday.net\/\" target=\"blank\">IHR<\/a>,  <a href=\"http:\/\/www.zeitlupenbaer.de\/\" target=\"blank\">IHM<\/a>,  <a href=\"http:\/\/www.klarkjeff.de\/index.html\" target=\"blank\">IHM<\/a> und  <a href=\"http:\/\/www.pxltim.de\/\" target=\"blank\">IHM<\/a> zun\u00e4chst so lange brunchen war bis uns die B\u00e4uche wehtaten und dann durch das sehr jugenstilige Darmstadt flanierte. Etwas Kultur hier, ein K\u00e4ffchen dort, w\u00e4hrend wir uns gen\u00fcsslich die Sonne auf die Plautze scheinen lie\u00dfen. Nur eines st\u00f6rte das Idyll&#8230;<\/p>\n<p>Mit Claudias Worten: <em>Ach diese schei\u00df P\u00e4rchen. Die m\u00fcssen sich immer mitten zwischen die Leute stellen und wollen nur damit zeigen &#8218;Hey schaut her, wir sind verliebt und ihr seid alle schei\u00dfe!<\/em> Oder so \u00e4hnlich<\/p>\n<p>Aber auch daf\u00fcr gibt es eine L\u00f6sung. Wir ertr\u00e4nken unseren Weltschmerz in einer Flasche Wein.<\/p>\n<p>Mein Gott, schon alles erlebt, was soll denn die N\u00e4chsten 50 Jahre noch gro\u00df kommen. Kann nur langweiliger werden.<\/p>\n","protected":false},"excerpt":{"rendered":"<p>Bei diesem formidablen Wetterchen l\u00e4sst man es sich gerne gut gehn und verbingt den Auftakt der Sommersaison essend und an der frischen Luft. So kam es, dass ich mit IHR, IHM, IHM und IHM zun\u00e4chst so lange brunchen war bis uns die B\u00e4uche wehtaten und dann durch das sehr jugenstilige Darmstadt flanierte. Etwas Kultur hier, ein K\u00e4ffchen dort, w\u00e4hrend wir uns gen\u00fcsslich die Sonne auf die Plautze scheinen lie\u00dfen. Nur eines st\u00f6rte das Idyll&#8230; Mit Claudias Worten: Ach diese schei\u00df&hellip;<\/p>\n","protected":false},"author":3,"featured_media":0,"comment_status":"open","ping_status":"open","sticky":false,"template":"","format":"standard","meta":{"footnotes":""},"categories":[1],"tags":[],"class_list":["post-229","post","type-post","status-publish","format-standard","hentry","category-unter-ferner-liefen"],"_links":{"self":[{"href":"https:\/\/www.pia-roeder.de\/de\/wp-json\/wp\/v2\/posts\/229","targetHints":{"allow":["GET"]}}],"collection":[{"href":"https:\/\/www.pia-roeder.de\/de\/wp-json\/wp\/v2\/posts"}],"about":[{"href":"https:\/\/www.pia-roeder.de\/de\/wp-json\/wp\/v2\/types\/post"}],"author":[{"embeddable":true,"href":"https:\/\/www.pia-roeder.de\/de\/wp-json\/wp\/v2\/users\/3"}],"replies":[{"embeddable":true,"href":"https:\/\/www.pia-roeder.de\/de\/wp-json\/wp\/v2\/comments?post=229"}],"version-history":[{"count":0,"href":"https:\/\/www.pia-roeder.de\/de\/wp-json\/wp\/v2\/posts\/229\/revisions"}],"wp:attachment":[{"href":"https:\/\/www.pia-roeder.de\/de\/wp-json\/wp\/v2\/media?parent=229"}],"wp:term":[{"taxonomy":"category","embeddable":true,"href":"https:\/\/www.pia-roeder.de\/de\/wp-json\/wp\/v2\/categories?post=229"},{"taxonomy":"post_tag","embeddable":true,"href":"https:\/\/www.pia-roeder.de\/de\/wp-json\/wp\/v2\/tags?post=229"}],"curies":[{"name":"wp","href":"https:\/\/api.w.org\/{rel}","templated":true}]}}