{"id":2126,"date":"2010-01-01T15:02:36","date_gmt":"2010-01-01T17:02:36","guid":{"rendered":"http:\/\/www.pia-roeder.de\/?p=2126"},"modified":"2013-01-05T11:51:03","modified_gmt":"2013-01-05T10:51:03","slug":"estacion-3-el-chaltenfitz-roy","status":"publish","type":"post","link":"https:\/\/www.pia-roeder.de\/de\/estacion-3-el-chaltenfitz-roy\/","title":{"rendered":"Estaci\u00f3n 3: El Chalten\/Fitz Roy"},"content":{"rendered":"<p>Wenn Schweizer winken, kann man ja gar nicht anders, als sich auf einen\u00a0Kaffee dazuzusetzen. Besonders wenn man morgens um elf mit 25 Kilo auf dem Buckel durch das kaffigste Andennest schlappt, auf der Suche nach einem Bett f\u00fcr die Nacht.<\/p>\n<p>Kurzum: Das Wetter war sch\u00f6n, die Stimmung euphorisch und die Alpenl\u00e4ndler\u00a0haben mich spontan zum Campen in die Bergen eingeladen. Damit w\u00e4re das Bettproblem gel\u00f6sst gewesen und ich hatte sogar Aussicht auf unterhaltsam zwei Tage.<\/p>\n<p>Es war zwar nachts &#8222;hurekalt&#8220;, wie der Schweizer sagt, und schlafen war auch nicht, aber Sp\u00e4tnachmittags Wein am Seeufer (&#8222;Seewy&#8220;) und Gipfelbesteigung morgens um\u00a0sieben entsch\u00e4digen doch f\u00fcr einiges.<\/p>\n<p>Und was hier fuer tausende von Euros in Form von Northface-Windbrakern, Salomon-Trekkingschuhen und Canon-Spiegelreflexkameras den Berg hochkraxeln, ist unvorstellbar. Die Touris, zusammengetrieben, ausgeraubt und die Sachen auf dem Schwarzmarkt vertickt und ich haette gut Geld, um noch ein Jahr zu reisen.<\/p>\n<p>Ich unausgestattetes und untrainiertes Weib bin beim Steilanstieg auf den Fitz Roy bisweilen beinahe kaputt gegangen, aber die Bl\u00f6sse konnte ich mir nat\u00fcrlich nicht geben. W\u00e4r auch schade gewesen. H\u00e4tte einen Bombemaussicht verpasst und will ja auch noch ein bisschen weiterreisen.<\/p>\n<p>[slickr-flickr tag=&#8220;El Chalten&#8220; items=&#8220;28&#8243; type=&#8220;gallery&#8220; id=&#8220;33787195@N06&#8243;]<\/p>\n","protected":false},"excerpt":{"rendered":"<p>Wenn Schweizer winken, kann man ja gar nicht anders, als sich auf einen\u00a0Kaffee dazuzusetzen. Besonders wenn man morgens um elf mit 25 Kilo auf dem Buckel durch das kaffigste Andennest schlappt, auf der Suche nach einem Bett f\u00fcr die Nacht. Kurzum: Das Wetter war sch\u00f6n, die Stimmung euphorisch und die Alpenl\u00e4ndler\u00a0haben mich spontan zum Campen in die Bergen eingeladen. Damit w\u00e4re das Bettproblem gel\u00f6sst gewesen und ich hatte sogar Aussicht auf unterhaltsam zwei Tage. Es war zwar nachts &#8222;hurekalt&#8220;, wie&hellip;<\/p>\n","protected":false},"author":3,"featured_media":4470,"comment_status":"open","ping_status":"open","sticky":false,"template":"","format":"standard","meta":{"footnotes":""},"categories":[39,1501],"tags":[],"class_list":["post-2126","post","type-post","status-publish","format-standard","has-post-thumbnail","hentry","category-argentinien","category-suedamerika","post-has-thumbnail"],"_links":{"self":[{"href":"https:\/\/www.pia-roeder.de\/de\/wp-json\/wp\/v2\/posts\/2126","targetHints":{"allow":["GET"]}}],"collection":[{"href":"https:\/\/www.pia-roeder.de\/de\/wp-json\/wp\/v2\/posts"}],"about":[{"href":"https:\/\/www.pia-roeder.de\/de\/wp-json\/wp\/v2\/types\/post"}],"author":[{"embeddable":true,"href":"https:\/\/www.pia-roeder.de\/de\/wp-json\/wp\/v2\/users\/3"}],"replies":[{"embeddable":true,"href":"https:\/\/www.pia-roeder.de\/de\/wp-json\/wp\/v2\/comments?post=2126"}],"version-history":[{"count":11,"href":"https:\/\/www.pia-roeder.de\/de\/wp-json\/wp\/v2\/posts\/2126\/revisions"}],"predecessor-version":[{"id":2129,"href":"https:\/\/www.pia-roeder.de\/de\/wp-json\/wp\/v2\/posts\/2126\/revisions\/2129"}],"wp:featuredmedia":[{"embeddable":true,"href":"https:\/\/www.pia-roeder.de\/de\/wp-json\/wp\/v2\/media\/4470"}],"wp:attachment":[{"href":"https:\/\/www.pia-roeder.de\/de\/wp-json\/wp\/v2\/media?parent=2126"}],"wp:term":[{"taxonomy":"category","embeddable":true,"href":"https:\/\/www.pia-roeder.de\/de\/wp-json\/wp\/v2\/categories?post=2126"},{"taxonomy":"post_tag","embeddable":true,"href":"https:\/\/www.pia-roeder.de\/de\/wp-json\/wp\/v2\/tags?post=2126"}],"curies":[{"name":"wp","href":"https:\/\/api.w.org\/{rel}","templated":true}]}}