{"id":1961,"date":"2009-10-19T16:34:28","date_gmt":"2009-10-19T18:34:28","guid":{"rendered":"http:\/\/www.pia-roeder.de\/?p=1961"},"modified":"2013-03-20T11:16:51","modified_gmt":"2013-03-20T10:16:51","slug":"la-hora-se-cambio-not","status":"publish","type":"post","link":"https:\/\/www.pia-roeder.de\/de\/la-hora-se-cambio-not\/","title":{"rendered":"La hora se cambi\u00f3&#8230; NOT"},"content":{"rendered":"<p>Ja ist schon verwirrend wenn die Uhr am Laptop was anderes anzeigt als die im Fernsehnen und auf diversen argentinischen Websites. Gestern wurde n\u00e4mlich hier die Uhr auf Sommerzeit umgestellt. Oder besser w\u00e4re umgestellt worden, <a title=\"No DST\" href=\" http:\/\/www.timeanddate.com\/news\/time\/argentina-dst-2009-2010.html\" target=\"_blank\">wenn die Regierung nicht kurzfristig entschieden h\u00e4tte, das einfach doch zu lassen, weils Bl\u00f6dsinn is.<\/a><\/p>\n<p>H\u00e4tte also eine Stunde l\u00e4nger schlafen k\u00f6nnen, wenn ich nicht der Uhr im Laptop, sondern der in den Fernsehnachrichten getraut h\u00e4tte. Hab ich aber nicht und stand etwas verdutzt um halb 8 statt um halb 9 in der U-Bahn auf dem Weg zur Spanisch-Schule. Die war nat\u00fcrlich noch zu.<\/p>\n<p>Wundervoller Start in die Woche. Daf\u00fcr gabs zwei <a title=\"Medialunas\" href=\"http:\/\/erinskitchen.blogspot.com\/2006\/11\/buenos-aires-morning-ritual-cafe-con.html\" target=\"_blank\">Medialunas<\/a> zum Fr\u00fchst\u00fcck. Daf\u00fcr ist sonst keine Zeit.<\/p>\n<p>Bah und wie args mich nervt, das das Internet immer dann geht, wenn ich grad nicht am Rechner sitze. Dies hier ist einer der seltenen Momente, in denen ich mal nicht nach vier Sekunden rausflieg.<\/p>\n","protected":false},"excerpt":{"rendered":"<p>Ja ist schon verwirrend wenn die Uhr am Laptop was anderes anzeigt als die im Fernsehnen und auf diversen argentinischen Websites. Gestern wurde n\u00e4mlich hier die Uhr auf Sommerzeit umgestellt. Oder besser w\u00e4re umgestellt worden, wenn die Regierung nicht kurzfristig entschieden h\u00e4tte, das einfach doch zu lassen, weils Bl\u00f6dsinn is. H\u00e4tte also eine Stunde l\u00e4nger schlafen k\u00f6nnen, wenn ich nicht der Uhr im Laptop, sondern der in den Fernsehnachrichten getraut h\u00e4tte. Hab ich aber nicht und stand etwas verdutzt um&hellip;<\/p>\n","protected":false},"author":3,"featured_media":0,"comment_status":"open","ping_status":"open","sticky":false,"template":"","format":"standard","meta":{"footnotes":""},"categories":[39,74,1501,1],"tags":[1913],"class_list":["post-1961","post","type-post","status-publish","format-standard","hentry","category-argentinien","category-buenos-aires","category-suedamerika","category-unter-ferner-liefen","tag-argentinien"],"_links":{"self":[{"href":"https:\/\/www.pia-roeder.de\/de\/wp-json\/wp\/v2\/posts\/1961","targetHints":{"allow":["GET"]}}],"collection":[{"href":"https:\/\/www.pia-roeder.de\/de\/wp-json\/wp\/v2\/posts"}],"about":[{"href":"https:\/\/www.pia-roeder.de\/de\/wp-json\/wp\/v2\/types\/post"}],"author":[{"embeddable":true,"href":"https:\/\/www.pia-roeder.de\/de\/wp-json\/wp\/v2\/users\/3"}],"replies":[{"embeddable":true,"href":"https:\/\/www.pia-roeder.de\/de\/wp-json\/wp\/v2\/comments?post=1961"}],"version-history":[{"count":8,"href":"https:\/\/www.pia-roeder.de\/de\/wp-json\/wp\/v2\/posts\/1961\/revisions"}],"predecessor-version":[{"id":4823,"href":"https:\/\/www.pia-roeder.de\/de\/wp-json\/wp\/v2\/posts\/1961\/revisions\/4823"}],"wp:attachment":[{"href":"https:\/\/www.pia-roeder.de\/de\/wp-json\/wp\/v2\/media?parent=1961"}],"wp:term":[{"taxonomy":"category","embeddable":true,"href":"https:\/\/www.pia-roeder.de\/de\/wp-json\/wp\/v2\/categories?post=1961"},{"taxonomy":"post_tag","embeddable":true,"href":"https:\/\/www.pia-roeder.de\/de\/wp-json\/wp\/v2\/tags?post=1961"}],"curies":[{"name":"wp","href":"https:\/\/api.w.org\/{rel}","templated":true}]}}