{"id":1863,"date":"2009-09-25T12:41:31","date_gmt":"2009-09-25T10:41:31","guid":{"rendered":"http:\/\/www.pia-roeder.de\/?p=1863"},"modified":"2009-09-25T18:42:40","modified_gmt":"2009-09-25T16:42:40","slug":"wahlkampf-im-dammerschlaf","status":"publish","type":"post","link":"https:\/\/www.pia-roeder.de\/de\/wahlkampf-im-dammerschlaf\/","title":{"rendered":"Wahlkampf im D\u00e4mmerschlaf"},"content":{"rendered":"<p>Irgendwann am Wochenende hab ich sp\u00e4tabends im \u00f6ffentlich Rechtlichen ein historisches Bewegtbild-Dokument \u00fcber die Wahl 1969 und &#8217;76 gesehen. Herr je was ne Gaudi! Alle tragen graue Anz\u00fcge und dicke hornige Brillengestelle, die man gerade heute wieder im verzweifelt hippen Berlin sieht. Die damals haben das aber erst gemeint. Und sie rauchen! Im Fernsehen! Goldene Zeiten.<\/p>\n<p>Woah und was war da f\u00fcrn Wahlkampf! Also f\u00fcr alle, die den Begriff nicht einordnen k\u00f6nnen: Im Idealfall vertritt jede Partei Ansichten und Ziele, die sich von den der politischen Gegnern unterscheiden. Diese werden immer, unmittelbar vor einer Wahl verst\u00e4rkt, mit viel Tamtam und Gekeife \u00f6ffentlich kundgetan, damit der B\u00fcrger wei\u00df woran er ist und sich f\u00fcr eine der Parteien entscheiden kann. Im Fernsehen pr\u00fcgeln sich die Politiker. Konservative Gro\u00dfv\u00e4ter enterben ihre linken Enkel. Wahlbeteiligung bei knapp 85 Prozent.<\/p>\n<p>Heute ist das anders. Die Ziele der Parteien sind die gleichen und den B\u00fcrger juckts nicht mehr. Im Internet isses ja auch viel lustiger. Jaja, bla bla.<\/p>\n<p>So wo war ich? Jaaaa Helmut Schmidt is ne coole Sau. Der hat noch den Mund aufgemacht. Was er genau damals losgelassen hat, wei\u00df ich nicht mehr, weil ich w\u00e4hrend der Sendung im D\u00e4mmerschlaf war. Aber aus dem Augenwinkel hab ich gesehen, dass er Kohl rund gemacht hat. Und dieser <a title=\"Herbert Wehner\" href=\"http:\/\/de.wikipedia.org\/wiki\/Herbert_Wehner\" target=\"_blank\">Wehner<\/a>! Kennt den noch jemand? War von &#8217;58 bis &#8217;73 war er stellvertretender Bundesvorsitzender der SPD und noch irgendwas. Noch nie was von dem Herrn geh\u00f6rt aber war ne unfassbar lustige Person. Nennt \u00f6ffentlich den Journalisten, der ihn gerade interviewt, einen Schmierfinken und sagt Dinge wie &#8222;Das war Quatsch und ist jetzt noch qu\u00e4tscher&#8220;. Sehr gro\u00dfartig.<\/p>\n<p>Eigentlich sollte das jetzt eine Helmut-Schmidt-Wahlempfehlung werden. Ich glaub n\u00e4mlich, wenn die H\u00e4lfte der wahlberechtigten Deutschen statt eine von den faden Parteien Helmut Schmidt w\u00e4hlen, dann macht der noch ne Legislaturperiode. <a title=\"Schmidt hat R\u00fccken\" href=\"http:\/\/www.bild.de\/BILD\/politik\/2009\/09\/25\/helmut-schmidt-frank-walter-steinmeier\/was-der-altkanzler-dem-kanzlerkandidaten-raet.html\" target=\"_blank\">Trotz R\u00fccken und G\u00fcrtelrose am Auge<\/a>. Aber dank <a title=\"vote! for! me! now! - random notes\" href=\"http:\/\/www.volker-bonacker.de\/?p=1457\" target=\"_blank\">dieses Beitrags von v. <\/a>f\u00fchl ich mich jetzt etwas durchschaut. Aber wie immer: Macht doch was ihr wollt.<\/p>\n<p>An die Piraten-W\u00e4hler. Mein pers\u00f6nlicher Draht zur dro\u00dfen deutschen Wirtschaftspresse hat <a title=\"FTD.de - Zu schnell erwachsen\" href=\"http:\/\/www.ftd.de\/politik\/deutschland\/:verlorene-unschuld-piratenpartei-zu-schnell-erwachsen\/50014560.html\" target=\"_blank\">einen lesenwerten Kommentar<\/a> zum Thema geschrieben.<\/p>\n","protected":false},"excerpt":{"rendered":"<p>Irgendwann am Wochenende hab ich sp\u00e4tabends im \u00f6ffentlich Rechtlichen ein historisches Bewegtbild-Dokument \u00fcber die Wahl 1969 und &#8217;76 gesehen. Herr je was ne Gaudi! Alle tragen graue Anz\u00fcge und dicke hornige Brillengestelle, die man gerade heute wieder im verzweifelt hippen Berlin sieht. Die damals haben das aber erst gemeint. Und sie rauchen! Im Fernsehen! Goldene Zeiten. Woah und was war da f\u00fcrn Wahlkampf! Also f\u00fcr alle, die den Begriff nicht einordnen k\u00f6nnen: Im Idealfall vertritt jede Partei Ansichten und Ziele,&hellip;<\/p>\n","protected":false},"author":3,"featured_media":0,"comment_status":"open","ping_status":"open","sticky":false,"template":"","format":"standard","meta":{"footnotes":""},"categories":[1],"tags":[],"class_list":["post-1863","post","type-post","status-publish","format-standard","hentry","category-unter-ferner-liefen"],"_links":{"self":[{"href":"https:\/\/www.pia-roeder.de\/de\/wp-json\/wp\/v2\/posts\/1863","targetHints":{"allow":["GET"]}}],"collection":[{"href":"https:\/\/www.pia-roeder.de\/de\/wp-json\/wp\/v2\/posts"}],"about":[{"href":"https:\/\/www.pia-roeder.de\/de\/wp-json\/wp\/v2\/types\/post"}],"author":[{"embeddable":true,"href":"https:\/\/www.pia-roeder.de\/de\/wp-json\/wp\/v2\/users\/3"}],"replies":[{"embeddable":true,"href":"https:\/\/www.pia-roeder.de\/de\/wp-json\/wp\/v2\/comments?post=1863"}],"version-history":[{"count":5,"href":"https:\/\/www.pia-roeder.de\/de\/wp-json\/wp\/v2\/posts\/1863\/revisions"}],"predecessor-version":[{"id":1866,"href":"https:\/\/www.pia-roeder.de\/de\/wp-json\/wp\/v2\/posts\/1863\/revisions\/1866"}],"wp:attachment":[{"href":"https:\/\/www.pia-roeder.de\/de\/wp-json\/wp\/v2\/media?parent=1863"}],"wp:term":[{"taxonomy":"category","embeddable":true,"href":"https:\/\/www.pia-roeder.de\/de\/wp-json\/wp\/v2\/categories?post=1863"},{"taxonomy":"post_tag","embeddable":true,"href":"https:\/\/www.pia-roeder.de\/de\/wp-json\/wp\/v2\/tags?post=1863"}],"curies":[{"name":"wp","href":"https:\/\/api.w.org\/{rel}","templated":true}]}}