{"id":1589,"date":"2009-08-23T15:29:53","date_gmt":"2009-08-23T14:29:53","guid":{"rendered":"http:\/\/www.pia-roeder.de\/?p=1589"},"modified":"2009-08-23T17:21:22","modified_gmt":"2009-08-23T16:21:22","slug":"kleine-traditionen","status":"publish","type":"post","link":"https:\/\/www.pia-roeder.de\/de\/kleine-traditionen\/","title":{"rendered":"Kleine Traditionen"},"content":{"rendered":"<p>Die Bl\u00e4tter sind lauter als noch vor ein paar Monaten. Der Sommer dauert jetzt schon f\u00fcnf Monate seit es im April das erste Mal richtig warm war. Seit dem ich den ersten Sonntag des Jahres mit einer Zeitung auf der Terrasse unter dem gro\u00dfen Nussbaum verbracht habe. Die Bl\u00e4tter im Fr\u00fchjahr sind leise, klein, neu. Jetzt rascheln sie, werden fleckig und\u00a0 sind schon ein bisschen braun.<\/p>\n<p>Es sind diese Sonntage, die das Leben so richtig angenehm machen. Denn Sonntage sind vorhersehbar. Sie verlaufen immer gleich und an kann sich darauf verlassen, dass man den Tag exakt so verbringen wird, wie man ihn vor Augen hat, kurz nachdem man sie um etwa neun Uhr fr\u00fch aufschl\u00e4gt.<\/p>\n<p>Die Beine ruhen auf den beige-karieten Gartehstuhl-Auflagen, die nach 20 Jahren gebrauch auch wohlverdiente Flecken haben. \u00dcber mir rascheln Bl\u00e4tter in meinen H\u00e4nden raschelt die Sonntagszeitung und ich habe jedesmal meine M\u00fche, dass mir die B\u00fccher nicht \u00fcber die Terrasse fegen. Der Wind ist jetzt auch anders als noch im Fr\u00fchjahr. Forscher.<\/p>\n<p>Zeit lassen. Jede Seite genie\u00dfen, lesen. Auf jedenfall Reiseberichte, B\u00f6rsen- und Finanznachrichteh eher nicht. Bilder gucken und den Blick schweifen lassen. Da krabbelt was \u00fcber die rote, derbe Strickjacke, die \u00fcber der Stuhllehne h\u00e4ngt. Eine von den lustigen Raupen, die nur vorne und hinten F\u00fc\u00dfe haben und sich beim Fortbewegen in eine Schlaufe legen. Sa\u00df wohl vorher im Baum. Doof dann auf einer Strickjacke zu landen.<\/p>\n<p>Auf dem Tisch steht Apfelsaft im Glas. So ein gr\u00fcnes, dass es im Sechser-Pack beim Aldi gibt, wenn gerade Aktion ist. Sehen nach mehr aus aber es geht ja eigentlich um die Wespe, die im Apfelsaft schwimmt und verzweifelt mit den beinchen strampelt. Ich rette sie mit dem Joghurtl\u00f6ffel. Es summt schon den ganzen Tag. Muss irgendwo ein Nest sein. Dabei tun die ja nichts. Wespen ind n\u00e4mlich kurzsichtig und schwirren deshalb erst mal nach ran, bis sie merken, dass sie das Nasenloch dann doch nicht interessiert. Tja ja, sonnt\u00e4gliches Bio-Fachsimpeln.<\/p>\n<p>Die Luft is angenehm heute. Warm, nicht stickig und der Kopf f\u00e4llt nach hinten, Augen zu. Manchmal gleitet dann die Zeitung aus den H\u00e4nden, manchmal nicht. D\u00f6sen ist jetzt sch\u00f6ner als Schlafen. Denn man h\u00f6rt das Rascheln der Bl\u00e4tter. Noch etwa f\u00fcnf Wochen und sie werden erst gelb, dann braun und dann ist der Sommer vorbei. Und mit ihm die Sonntage auf der Terrasse. Und meine Zeit zu Hause.<\/p>\n","protected":false},"excerpt":{"rendered":"<p>Die Bl\u00e4tter sind lauter als noch vor ein paar Monaten. Der Sommer dauert jetzt schon f\u00fcnf Monate seit es im April das erste Mal richtig warm war. Seit dem ich den ersten Sonntag des Jahres mit einer Zeitung auf der Terrasse unter dem gro\u00dfen Nussbaum verbracht habe. Die Bl\u00e4tter im Fr\u00fchjahr sind leise, klein, neu. Jetzt rascheln sie, werden fleckig und\u00a0 sind schon ein bisschen braun. Es sind diese Sonntage, die das Leben so richtig angenehm machen. Denn Sonntage sind&hellip;<\/p>\n","protected":false},"author":3,"featured_media":0,"comment_status":"open","ping_status":"open","sticky":false,"template":"","format":"standard","meta":{"footnotes":""},"categories":[1],"tags":[135,1262,382,474],"class_list":["post-1589","post","type-post","status-publish","format-standard","hentry","category-unter-ferner-liefen","tag-faulenzen","tag-musiggang","tag-sonntag","tag-zuhause"],"_links":{"self":[{"href":"https:\/\/www.pia-roeder.de\/de\/wp-json\/wp\/v2\/posts\/1589","targetHints":{"allow":["GET"]}}],"collection":[{"href":"https:\/\/www.pia-roeder.de\/de\/wp-json\/wp\/v2\/posts"}],"about":[{"href":"https:\/\/www.pia-roeder.de\/de\/wp-json\/wp\/v2\/types\/post"}],"author":[{"embeddable":true,"href":"https:\/\/www.pia-roeder.de\/de\/wp-json\/wp\/v2\/users\/3"}],"replies":[{"embeddable":true,"href":"https:\/\/www.pia-roeder.de\/de\/wp-json\/wp\/v2\/comments?post=1589"}],"version-history":[{"count":10,"href":"https:\/\/www.pia-roeder.de\/de\/wp-json\/wp\/v2\/posts\/1589\/revisions"}],"predecessor-version":[{"id":1596,"href":"https:\/\/www.pia-roeder.de\/de\/wp-json\/wp\/v2\/posts\/1589\/revisions\/1596"}],"wp:attachment":[{"href":"https:\/\/www.pia-roeder.de\/de\/wp-json\/wp\/v2\/media?parent=1589"}],"wp:term":[{"taxonomy":"category","embeddable":true,"href":"https:\/\/www.pia-roeder.de\/de\/wp-json\/wp\/v2\/categories?post=1589"},{"taxonomy":"post_tag","embeddable":true,"href":"https:\/\/www.pia-roeder.de\/de\/wp-json\/wp\/v2\/tags?post=1589"}],"curies":[{"name":"wp","href":"https:\/\/api.w.org\/{rel}","templated":true}]}}