{"id":1323,"date":"2009-04-27T16:48:26","date_gmt":"2009-04-27T15:48:26","guid":{"rendered":"http:\/\/www.pia-roeder.de\/?p=1323"},"modified":"2009-04-28T01:48:40","modified_gmt":"2009-04-28T00:48:40","slug":"beige-leute","status":"publish","type":"post","link":"https:\/\/www.pia-roeder.de\/de\/beige-leute\/","title":{"rendered":"Beige Leute"},"content":{"rendered":"<p><!--[if gte mso 9]><xml> <w:WordDocument> <w:View>Normal<\/w:View> <w:Zoom>0<\/w:Zoom> <w:HyphenationZone>21<\/w:HyphenationZone> <w:PunctuationKerning \/> <w:ValidateAgainstSchemas \/> <w:SaveIfXMLInvalid>false<\/w:SaveIfXMLInvalid> <w:IgnoreMixedContent>false<\/w:IgnoreMixedContent> <w:AlwaysShowPlaceholderText>false<\/w:AlwaysShowPlaceholderText> <w:Compatibility> <w:BreakWrappedTables \/> <w:SnapToGridInCell \/> <w:WrapTextWithPunct \/> <w:UseAsianBreakRules \/> <w:DontGrowAutofit \/> <\/w:Compatibility> <w:BrowserLevel>MicrosoftInternetExplorer4<\/w:BrowserLevel> <\/w:WordDocument> <\/xml><![endif]--><!--[if gte mso 9]><xml> <w:LatentStyles DefLockedState=\"false\" LatentStyleCount=\"156\"> <\/w:LatentStyles> <\/xml><![endif]--><\/p>\n<p><!--[if gte mso 10]>\n<mce:style><!   \/* Style Definitions *\/  table.MsoNormalTable \t{mso-style-name:\"Normale Tabelle\"; \tmso-tstyle-rowband-size:0; \tmso-tstyle-colband-size:0; \tmso-style-noshow:yes; \tmso-style-parent:\"\"; \tmso-padding-alt:0cm 5.4pt 0cm 5.4pt; \tmso-para-margin:0cm; \tmso-para-margin-bottom:.0001pt; \tmso-pagination:widow-orphan; \tfont-size:10.0pt; \tfont-family:\"Times New Roman\"; \tmso-ansi-language:#0400; \tmso-fareast-language:#0400; \tmso-bidi-language:#0400;} --><\/p>\n<p><!--[endif]-->Ich denke, das zwischen Tobias und Petra ist vorbei. Jeden Morgen fahren die beiden mit mir im Bus. Sie steigt am Jugenstilbad aus, er am Schloss. Sie verabschieden sich immer mit einem Kuss auf die Nase. Seit letzter Woche nicht mehr. Petra winkt nicht mal mehr mit ihren d\u00fcnnen \u00c4rmchen.\u00a0 Tobias dreht sich nicht mehr nach ihr um und wirft ihr K\u00fcsschen zu.<\/p>\n<p>Tobias und Petra hei\u00dfen sicher nicht Tobias und Petra. Aber sie sehen aus wie ein Tobias und eine Petra. Tobias und Petra sind sehr kontrastarme Menschen. Er tr\u00e4gt Jeans, die ein bisschen zu weit oben sitzen. Sie tr\u00e4gt schwarze Flie\u00dfpullis und nie Make-Up. Ich behaupte nicht, dass anst\u00e4ndige Klamotten und Schminke in Darmstadt Pflicht sind. Aber beige Leute wie Tobias und Petra fallen einfach nicht auf. Sie fallen so sehr nicht auf, dass sie still herausschreien, dass sie die langweiligsten Menschen der Stadt sind.<\/p>\n<p>Bei Tobias und Petra gibt\u2019s zum Abendbrot (ja sie sagen immer Abendbrot) Schnittchen mit sauren Gurken. Tobias und Petra legen abends ihre Brillen nebeneinander aufs Nachtschr\u00e4nkchen. Sie hat links 0,5 Dioptrin und rechts 0,75. Bei ihm ist es umgekehrt. Beide haben Bei\u00dfschienen, die sie \u00fcber Nacht tragen m\u00fcssen. Vor dem Einschlafen liest sie Harry Potter und er das CT-Magazin.Und dann ein K\u00fcsschen auf die Nase. Gute Nacht.<\/p>\n<p>Jetzt nicht mehr. Petra winkt nicht mehr. Und Tobias schaut traurig. Das Ende einer beigen Beziehung.<\/p>\n","protected":false},"excerpt":{"rendered":"<p>Ich denke, das zwischen Tobias und Petra ist vorbei. Jeden Morgen fahren die beiden mit mir im Bus. Sie steigt am Jugenstilbad aus, er am Schloss. Sie verabschieden sich immer mit einem Kuss auf die Nase. Seit letzter Woche nicht mehr. Petra winkt nicht mal mehr mit ihren d\u00fcnnen \u00c4rmchen.\u00a0 Tobias dreht sich nicht mehr nach ihr um und wirft ihr K\u00fcsschen zu. Tobias und Petra hei\u00dfen sicher nicht Tobias und Petra. Aber sie sehen aus wie ein Tobias und&hellip;<\/p>\n","protected":false},"author":3,"featured_media":0,"comment_status":"open","ping_status":"open","sticky":false,"template":"","format":"standard","meta":{"footnotes":""},"categories":[1],"tags":[1198,668,1197],"class_list":["post-1323","post","type-post","status-publish","format-standard","hentry","category-unter-ferner-liefen","tag-beige-leute","tag-beziehung","tag-faaaaaaaaad"],"_links":{"self":[{"href":"https:\/\/www.pia-roeder.de\/de\/wp-json\/wp\/v2\/posts\/1323","targetHints":{"allow":["GET"]}}],"collection":[{"href":"https:\/\/www.pia-roeder.de\/de\/wp-json\/wp\/v2\/posts"}],"about":[{"href":"https:\/\/www.pia-roeder.de\/de\/wp-json\/wp\/v2\/types\/post"}],"author":[{"embeddable":true,"href":"https:\/\/www.pia-roeder.de\/de\/wp-json\/wp\/v2\/users\/3"}],"replies":[{"embeddable":true,"href":"https:\/\/www.pia-roeder.de\/de\/wp-json\/wp\/v2\/comments?post=1323"}],"version-history":[{"count":5,"href":"https:\/\/www.pia-roeder.de\/de\/wp-json\/wp\/v2\/posts\/1323\/revisions"}],"predecessor-version":[{"id":1331,"href":"https:\/\/www.pia-roeder.de\/de\/wp-json\/wp\/v2\/posts\/1323\/revisions\/1331"}],"wp:attachment":[{"href":"https:\/\/www.pia-roeder.de\/de\/wp-json\/wp\/v2\/media?parent=1323"}],"wp:term":[{"taxonomy":"category","embeddable":true,"href":"https:\/\/www.pia-roeder.de\/de\/wp-json\/wp\/v2\/categories?post=1323"},{"taxonomy":"post_tag","embeddable":true,"href":"https:\/\/www.pia-roeder.de\/de\/wp-json\/wp\/v2\/tags?post=1323"}],"curies":[{"name":"wp","href":"https:\/\/api.w.org\/{rel}","templated":true}]}}